{"id":195465,"date":"2022-02-24T17:03:26","date_gmt":"2022-02-24T20:03:26","guid":{"rendered":"https:\/\/diarioregionaldigital.com.br\/?p=195465"},"modified":"2022-02-24T17:03:26","modified_gmt":"2022-02-24T20:03:26","slug":"hospitais-da-rede-do-estado-recebem-investimento-historico-em-obras-e-equipamentos","status":"publish","type":"post","link":"https:\/\/diarioregionaldigital.com.br\/?p=195465","title":{"rendered":"Hospitais da rede do Estado recebem investimento hist\u00f3rico em obras e equipamentos"},"content":{"rendered":"<p>As unidades da\u00a0<a href=\"http:\/\/www.fhemig.mg.gov.br\/\" target=\"_blank\" rel=\"noopener\">Funda\u00e7\u00e3o Hospitalar do Estado de Minas Gerais (Fhemig)<\/a>\u00a0est\u00e3o em processo de transforma\u00e7\u00e3o. O fortalecimento da rede e as melhorias na sa\u00fade p\u00fablica passam por obras e reformas, desde 2020, com investimentos previstos em mais de R$ 150 milh\u00f5es em interven\u00e7\u00f5es nos pr\u00f3ximos anos. O valor se refere \u00e0s interven\u00e7\u00f5es em infraestrutura em todos os hospitais da Fhemig, que v\u00e3o ampliar a qualidade e a seguran\u00e7a do atendimento j\u00e1 oferecido aos mineiros nos servi\u00e7os do Sistema \u00danico de Sa\u00fade (SUS) em Minas Gerais.<\/p>\n<p>A iniciativa tamb\u00e9m cumpre as metas previstas em seu Plano de Capacidade Hospitalar Plena (PCPH), que reorganizou os leitos para garantir o fluxo assistencial \u00e0 popula\u00e7\u00e3o durante a pandemia de covid-19.<\/p>\n<p><strong>Terapia intensiva<\/strong><\/p>\n<p>Entre as a\u00e7\u00f5es iniciadas e conclu\u00eddas em 2021, destacam-se as obras do Hospital J\u00falia Kubitschek (HJK), em Belo Horizonte. Em janeiro daquele ano, foi entregue a reforma do Centro de Terapia Intensiva (CTI) com 40 leitos, contemplando ainda o novo sistema de climatiza\u00e7\u00e3o, instala\u00e7\u00e3o dos principais ramais de nova rede de gases medicinais (oxig\u00eanio e ar comprimido), instala\u00e7\u00e3o e execu\u00e7\u00e3o do novo sistema de distribui\u00e7\u00e3o de energia el\u00e9trica e de novos Grupos Moto Geradores (GMGs) de energia. No total, foram R$ 9 milh\u00f5es investidos, com recursos de acordos celebrados entre a Vale e o Governo do Estado. As obras, executadas pelo\u00a0<a href=\"http:\/\/www.der.mg.gov.br\/\" target=\"_blank\" rel=\"noopener\">Departamento de Edifica\u00e7\u00f5es e Estradas de Rodagem (DER-MG)<\/a>, duraram sete meses.<\/p>\n<p>\u201cOs novos leitos de terapia intensiva levaram mais conforto, dignidade e um atendimento assistencial com ainda mais seguran\u00e7a ao nosso paciente\u201d, afirma o diretor do Complexo de Especialidades, do qual o HJK faz parte, Samar Musse Dib.<\/p>\n<p>No fim de mar\u00e7o de 2021, o Hospital J\u00falia Kubitschek passou a atender integralmente casos suspeitos e confirmados de covid-19. A maternidade do HJK tamb\u00e9m foi refer\u00eancia para gestantes e pu\u00e9rperas suspeitas e confirmadas para a doen\u00e7a.<\/p>\n<p><strong>Bloco cir\u00fargico<\/strong><\/p>\n<p>Em junho de 2021, tiveram in\u00edcio as obras de revitaliza\u00e7\u00e3o do Bloco Cir\u00fargico do HJK, com a reforma das quatro salas de cirurgia existentes e amplia\u00e7\u00e3o de mais tr\u00eas. O investimento \u00e9 de cerca de R$ 3 milh\u00f5es e a conclus\u00e3o est\u00e1 prevista para o primeiro semestre de 2022. De acordo com o diretor do Complexo de Especialidades, as melhorias ir\u00e3o possibilitar o aumento no n\u00famero de cirurgias e procedimentos na unidade, al\u00e9m da oferta de uma assist\u00eancia ainda mais qualificada aos usu\u00e1rios.<\/p>\n<p>\u201cO HJK \u00e9 um hospital de grande porte, com um servi\u00e7o de cirurgia muito respeitado, onde atuam grandes profissionais. O bloco cir\u00fargico da unidade \u00e9 palco de forma\u00e7\u00e3o de muitos m\u00e9dicos, e continuar\u00e1 sendo\u201d, destaca Samar.<\/p>\n<p>Ainda ser\u00e3o realizados refor\u00e7os de funda\u00e7\u00e3o, instala\u00e7\u00e3o de pisos condutivos e aperfei\u00e7oamentos gerais nas instala\u00e7\u00f5es el\u00e9tricas e hidrossanit\u00e1rias. \u201cAs modifica\u00e7\u00f5es trar\u00e3o, entre diversas melhorias, uma maior seguran\u00e7a da infraestrutura das salas de cirurgia e, consequentemente, melhor assist\u00eancia para o paciente\u201d, avalia o gerente da Ger\u00eancia de Infraestrutura Predial (GEIP \u2013 DPGF) da Fhemig, Henrique Breguez.<\/p>\n<p>De acordo com Henrique, a instala\u00e7\u00e3o do sistema de aquecimento solar vai impactar na economia de energia el\u00e9trica e garantir o aquecimento da \u00e1gua nos chuveiros do bloco. Al\u00e9m disso, como haver\u00e1 grandes mudan\u00e7as estruturais, o Sistema de Preven\u00e7\u00e3o e Combate a Inc\u00eandio e P\u00e2nico ser\u00e1 refeito, tanto a parte de fluxos de sa\u00edda, quanto de sinaliza\u00e7\u00e3o. \u201cO intuito \u00e9 garantir a seguran\u00e7a de todos, e reduzir qualquer tipo de risco durante os procedimentos\u201d, explica.<\/p>\n<p>O novo bloco cir\u00fargico tamb\u00e9m vai contar com um sistema IT m\u00e9dico, instala\u00e7\u00e3o el\u00e9trica que utiliza transformadores para promover o isolamento da rede, reduzindo o risco de choques el\u00e9tricos e mantendo os equipamentos m\u00e9dicos operantes, sem interrup\u00e7\u00e3o.<\/p>\n<p><strong>Estrutura<\/strong><\/p>\n<p>Ainda no Hospital J\u00falia Kubitschek, ser\u00e3o investidos R$ 51 milh\u00f5es, at\u00e9 2023, para a aquisi\u00e7\u00e3o de equipamentos para moderniza\u00e7\u00e3o do parque tecnol\u00f3gico do hospital, reforma na maternidade, laborat\u00f3rio e amplia\u00e7\u00e3o do ambulat\u00f3rio de pneumologia, amplia\u00e7\u00e3o das \u00e1reas de PPP (pr\u00e9-parto, parto e p\u00f3s-parto), troca do telhado, finaliza\u00e7\u00e3o das obras das Alas H e F, com amplia\u00e7\u00e3o de 87 leitos de enfermaria e do servi\u00e7o de endoscopia.<\/p>\n<p><strong>Interior<\/strong><\/p>\n<p>Foram finalizadas, tamb\u00e9m em 2021, as adequa\u00e7\u00f5es das \u00e1reas civil e el\u00e9trica para instala\u00e7\u00e3o do novo tom\u00f3grafo no Hospital Regional Ant\u00f4nio Dias (HRAD), em Patos de Minas, com investimento aproximado de R$ 300 mil, propiciando a realiza\u00e7\u00e3o de exames mais r\u00e1pidos e com alta resolu\u00e7\u00e3o, e melhorando, assim, a qualidade assistencial oferecida aos pacientes da macrorregi\u00e3o Noroeste de Minas Gerais, que conta com mais de 700 mil habitantes de 33 munic\u00edpios.<\/p>\n<p>O planejamento e o in\u00edcio do processo come\u00e7aram em 2020, como ressalta a presidente da Fhemig, Renata Dias. \u201cA obra do tom\u00f3grafo foi planejada pelo ent\u00e3o presidente da funda\u00e7\u00e3o, o m\u00e9dico F\u00e1bio Baccheretti, atualmente\u00a0secret\u00e1rio de Estado de\u00a0<a href=\"http:\/\/www.saude.mg.gov.br\/\" target=\"_blank\" rel=\"noopener\">Sa\u00fade<\/a>\u00a0de Minas Gerais. O equipamento j\u00e1 havia sido comprado e demos continuidade \u00e0 implementa\u00e7\u00e3o\u201d, diz.<\/p>\n<p>De 27\/8\/2021 a 6\/2\/2022, foram realizados 2.090 exames de tomografia com o novo aparelho. Outros 409 foram realizados, no mesmo per\u00edodo, no antigo aparelho, que segue em funcionamento para atender a grande demanda da unidade, refer\u00eancia em atendimento \u00e0s v\u00edtimas de trauma na regi\u00e3o. A diretora do HRAD, Val\u00e9ria Costa Queiroz, destaca a grande contribui\u00e7\u00e3o desse investimento para a qualidade do atendimento prestado aos usu\u00e1rios.<\/p>\n<p>\u201cCom um aparelho mais moderno, melhoramos o fluxo dos atendimentos de forma consider\u00e1vel, possibilitando a realiza\u00e7\u00e3o de exames mais r\u00e1pidos e com mais qualidade, garantindo maior precis\u00e3o no diagn\u00f3stico dos pacientes\u201d, avalia.<\/p>\n<p><strong>Outras obras<\/strong><\/p>\n<p>Outras unidades da Rede Fhemig passar\u00e3o por melhorias. O Complexo Hospitalar de Urg\u00eancia, que inclui os hospitais Infantil Jo\u00e3o Paulo II (HIJPII), Jo\u00e3o XXIII (HJXXIII) e Maria Am\u00e9lia Lins (HMAL), receber\u00e1 cerca de R$ 60 milh\u00f5es em investimentos e as entregas ser\u00e3o feitas por etapas, nos pr\u00f3ximos anos. Na primeira unidade ser\u00e1 conclu\u00eddo o projeto e executada a obra para inaugura\u00e7\u00e3o do novo pr\u00e9dio que abrigar\u00e1 o CTI pedi\u00e1trico.<\/p>\n<p>No Jo\u00e3o XXIII ser\u00e3o feitas reformas para melhorias estruturais, como troca do telhado, revitaliza\u00e7\u00e3o dos andares de interna\u00e7\u00e3o, automa\u00e7\u00e3o do ar-condicionado e no setor de imagem, amplia\u00e7\u00e3o do bloco cir\u00fargico e das salas de recupera\u00e7\u00e3o, que passar\u00e3o de seis para dez, expans\u00e3o da \u00e1rea de CTI com implanta\u00e7\u00e3o de leitos isolados e reforma do CTI de queimados com acesso ao bloco cir\u00fargico.<\/p>\n<p>Na Maternidade Odete Valadares (MOV), as obras do CTI Neonatal t\u00eam previs\u00e3o de entrega no primeiro semestre de 2022. A unidade receber\u00e1 ainda outras melhorias como reforma da cal\u00e7ada do passeio p\u00fablico, constru\u00e7\u00e3o de rampas de acessibilidade, al\u00e9m de pintura das fachadas externas, cuja edifica\u00e7\u00e3o encontra-se em processo de tombamento pelo Patrim\u00f4nio Hist\u00f3rico.<\/p>\n<p>Outra unidade que ter\u00e1 sua pintura externa revitalizada ser\u00e1 o Instituto Raul Soares (IRS). O telhado do hospital tamb\u00e9m ter\u00e1 a reforma conclu\u00edda ainda no primeiro semestre de 2023. Al\u00e9m disso, est\u00e1 prevista a aquisi\u00e7\u00e3o e instala\u00e7\u00e3o de Grupo Moto Gerador reserva para a unidade e humaniza\u00e7\u00e3o dos p\u00e1tios internos para usu\u00e1rios, com projeto paisag\u00edstico e revitaliza\u00e7\u00e3o das estruturas j\u00e1 existentes. Os investimentos s\u00e3o de, aproximadamente, R$3,5 milh\u00f5es.<\/p>\n<p>Fonte: Ag\u00eancia Minas<\/p>\n","protected":false},"excerpt":{"rendered":"<p>As unidades da\u00a0Funda\u00e7\u00e3o Hospitalar do Estado de Minas Gerais (Fhemig)\u00a0est\u00e3o em processo de transforma\u00e7\u00e3o. O fortalecimento da rede e as melhorias na sa\u00fade p\u00fablica passam por obras e reformas, desde 2020, com investimentos previstos em mais de R$ 150 milh\u00f5es em interven\u00e7\u00f5es nos pr\u00f3ximos anos. O valor se refere \u00e0s interven\u00e7\u00f5es em infraestrutura em todos [&hellip;]<\/p>\n","protected":false},"author":246,"featured_media":195467,"comment_status":"closed","ping_status":"closed","sticky":false,"template":"","format":"standard","meta":{"footnotes":""},"categories":[436,254,439],"tags":[],"class_list":["post-195465","post","type-post","status-publish","format-standard","has-post-thumbnail","hentry","category-destaque-da-semana","category-politica","category-ultima-hora"],"_links":{"self":[{"href":"https:\/\/diarioregionaldigital.com.br\/index.php?rest_route=\/wp\/v2\/posts\/195465","targetHints":{"allow":["GET"]}}],"collection":[{"href":"https:\/\/diarioregionaldigital.com.br\/index.php?rest_route=\/wp\/v2\/posts"}],"about":[{"href":"https:\/\/diarioregionaldigital.com.br\/index.php?rest_route=\/wp\/v2\/types\/post"}],"author":[{"embeddable":true,"href":"https:\/\/diarioregionaldigital.com.br\/index.php?rest_route=\/wp\/v2\/users\/246"}],"replies":[{"embeddable":true,"href":"https:\/\/diarioregionaldigital.com.br\/index.php?rest_route=%2Fwp%2Fv2%2Fcomments&post=195465"}],"version-history":[{"count":1,"href":"https:\/\/diarioregionaldigital.com.br\/index.php?rest_route=\/wp\/v2\/posts\/195465\/revisions"}],"predecessor-version":[{"id":195468,"href":"https:\/\/diarioregionaldigital.com.br\/index.php?rest_route=\/wp\/v2\/posts\/195465\/revisions\/195468"}],"wp:featuredmedia":[{"embeddable":true,"href":"https:\/\/diarioregionaldigital.com.br\/index.php?rest_route=\/wp\/v2\/media\/195467"}],"wp:attachment":[{"href":"https:\/\/diarioregionaldigital.com.br\/index.php?rest_route=%2Fwp%2Fv2%2Fmedia&parent=195465"}],"wp:term":[{"taxonomy":"category","embeddable":true,"href":"https:\/\/diarioregionaldigital.com.br\/index.php?rest_route=%2Fwp%2Fv2%2Fcategories&post=195465"},{"taxonomy":"post_tag","embeddable":true,"href":"https:\/\/diarioregionaldigital.com.br\/index.php?rest_route=%2Fwp%2Fv2%2Ftags&post=195465"}],"curies":[{"name":"wp","href":"https:\/\/api.w.org\/{rel}","templated":true}]}}