{"id":195458,"date":"2022-02-24T16:58:03","date_gmt":"2022-02-24T19:58:03","guid":{"rendered":"https:\/\/diarioregionaldigital.com.br\/?p=195458"},"modified":"2022-02-24T16:58:03","modified_gmt":"2022-02-24T19:58:03","slug":"metade-do-publico-infantil-ja-recebeu-a-primeira-dose-contra-a-covid-19-em-minas","status":"publish","type":"post","link":"https:\/\/diarioregionaldigital.com.br\/?p=195458","title":{"rendered":"Metade do p\u00fablico infantil j\u00e1 recebeu a primeira dose contra a covid-19 em Minas"},"content":{"rendered":"<p>Minas Gerais j\u00e1 aplicou a primeira dose da vacina contra a covid-19 em 50% do p\u00fablico infantil. Isso significa que cerca de 900 mil crian\u00e7as com idade entre cinco e 11 anos j\u00e1 foram \u00e0s unidades de sa\u00fade em busca de prote\u00e7\u00e3o.<\/p>\n<p>\u201cJ\u00e1 conseguimos sensibilizar a metade dos pais e respons\u00e1veis sobre a import\u00e2ncia da vacina. Ela \u00e9 eficaz e absolutamente segura\u201d, afirmou o secret\u00e1rio de Estado de\u00a0<a href=\"http:\/\/www.saude.mg.gov.br\/\" target=\"_blank\" rel=\"noopener\">Sa\u00fade<\/a>, o m\u00e9dico F\u00e1bio Baccheretti, nesta quinta-feira (24\/2), durante reuni\u00e3o do Comit\u00ea Extraordi\u00e1rio Covid-19. O grupo avalia a situa\u00e7\u00e3o da pandemia no estado.<\/p>\n<p>At\u00e9 o momento, o\u00a0<a href=\"http:\/\/www.mg.gov.br\/\" target=\"_blank\" rel=\"noopener\">Governo de Minas<\/a>\u00a0j\u00e1 enviou 1,2 milh\u00e3o de doses pedi\u00e1tricas aos 853 munic\u00edpios.<\/p>\n<p><strong>Cobertura<\/strong><\/p>\n<p>Ainda de acordo com o Comit\u00ea, Minas alcan\u00e7ou a marca de 40 milh\u00f5es de doses aplicadas. A cobertura vacinal em duas doses atingiu 80,76% para o p\u00fablico de cinco anos ou mais. J\u00e1 a dose de refor\u00e7o foi aplicada em 40,69% da popula\u00e7\u00e3o.<\/p>\n<p>Outro dado importante \u00e9 em rela\u00e7\u00e3o \u00e0 taxa de incid\u00eancia, que caiu 53% no estado nos \u00faltimos 14 dias. Durante o pico da variante \u00f4micron, as macrorregi\u00f5es Tri\u00e2ngulo Norte e Tri\u00e2ngulo Sul foram as que registraram as maiores incid\u00eancias. Agora, as quedas s\u00e3o de ordem de 58% e 51%, respectivamente.<\/p>\n<p><strong>Ocupa\u00e7\u00e3o<\/strong><\/p>\n<p>O avan\u00e7o da cobertura vacinal reflete diretamente na taxa de ocupa\u00e7\u00e3o de leitos UTI Covid. Hoje, a ocupa\u00e7\u00e3o dos leitos de UTI SUS exclusivos para covid\u00a0\u00e9 de 33%. J\u00e1 a ocupa\u00e7\u00e3o da enfermagem \u00e9 de 8%. Em rela\u00e7\u00e3o aos leitos pedi\u00e1tricos UTI SUS para covid, a taxa \u00e9 de 20%.<\/p>\n<p><strong>Nova metodologia<\/strong><\/p>\n<p>Conforme o secret\u00e1rio j\u00e1 havia adiantado na \u00faltima reuni\u00e3o, o Estado estabelecer\u00e1 novos protocolos e outra maneira de categorizar os desdobramentos da covid-19 no estado. Ele destacou que a nova metodologia est\u00e1 sendo elaborada a partir de dados mais consistentes sobre o atual cen\u00e1rio. Todas as regi\u00f5es seguem na onda verde do plano\u00a0<a href=\"http:\/\/www.mg.gov.br\/minasconsciente\" target=\"_blank\" rel=\"noopener\">Minas Consciente<\/a>.<\/p>\n<p>Fonte: Ag\u00eancia Minas<\/p>\n","protected":false},"excerpt":{"rendered":"<p>Minas Gerais j\u00e1 aplicou a primeira dose da vacina contra a covid-19 em 50% do p\u00fablico infantil. Isso significa que cerca de 900 mil crian\u00e7as com idade entre cinco e 11 anos j\u00e1 foram \u00e0s unidades de sa\u00fade em busca de prote\u00e7\u00e3o. \u201cJ\u00e1 conseguimos sensibilizar a metade dos pais e respons\u00e1veis sobre a import\u00e2ncia da [&hellip;]<\/p>\n","protected":false},"author":246,"featured_media":195459,"comment_status":"closed","ping_status":"closed","sticky":false,"template":"","format":"standard","meta":{"footnotes":""},"categories":[436,254,439],"tags":[],"class_list":["post-195458","post","type-post","status-publish","format-standard","has-post-thumbnail","hentry","category-destaque-da-semana","category-politica","category-ultima-hora"],"_links":{"self":[{"href":"https:\/\/diarioregionaldigital.com.br\/index.php?rest_route=\/wp\/v2\/posts\/195458","targetHints":{"allow":["GET"]}}],"collection":[{"href":"https:\/\/diarioregionaldigital.com.br\/index.php?rest_route=\/wp\/v2\/posts"}],"about":[{"href":"https:\/\/diarioregionaldigital.com.br\/index.php?rest_route=\/wp\/v2\/types\/post"}],"author":[{"embeddable":true,"href":"https:\/\/diarioregionaldigital.com.br\/index.php?rest_route=\/wp\/v2\/users\/246"}],"replies":[{"embeddable":true,"href":"https:\/\/diarioregionaldigital.com.br\/index.php?rest_route=%2Fwp%2Fv2%2Fcomments&post=195458"}],"version-history":[{"count":1,"href":"https:\/\/diarioregionaldigital.com.br\/index.php?rest_route=\/wp\/v2\/posts\/195458\/revisions"}],"predecessor-version":[{"id":195460,"href":"https:\/\/diarioregionaldigital.com.br\/index.php?rest_route=\/wp\/v2\/posts\/195458\/revisions\/195460"}],"wp:featuredmedia":[{"embeddable":true,"href":"https:\/\/diarioregionaldigital.com.br\/index.php?rest_route=\/wp\/v2\/media\/195459"}],"wp:attachment":[{"href":"https:\/\/diarioregionaldigital.com.br\/index.php?rest_route=%2Fwp%2Fv2%2Fmedia&parent=195458"}],"wp:term":[{"taxonomy":"category","embeddable":true,"href":"https:\/\/diarioregionaldigital.com.br\/index.php?rest_route=%2Fwp%2Fv2%2Fcategories&post=195458"},{"taxonomy":"post_tag","embeddable":true,"href":"https:\/\/diarioregionaldigital.com.br\/index.php?rest_route=%2Fwp%2Fv2%2Ftags&post=195458"}],"curies":[{"name":"wp","href":"https:\/\/api.w.org\/{rel}","templated":true}]}}