{"id":195455,"date":"2022-02-24T16:51:08","date_gmt":"2022-02-24T19:51:08","guid":{"rendered":"https:\/\/diarioregionaldigital.com.br\/?p=195455"},"modified":"2022-02-24T16:51:08","modified_gmt":"2022-02-24T19:51:08","slug":"presidente-do-congresso-pede-dialogo-amplo-entre-russia-e-ucrania","status":"publish","type":"post","link":"https:\/\/diarioregionaldigital.com.br\/?p=195455","title":{"rendered":"Presidente do Congresso pede di\u00e1logo amplo entre R\u00fassia e Ucr\u00e2nia"},"content":{"rendered":"<p>A invas\u00e3o russa \u00e0 Ucr\u00e2nia\u00a0foi tema de\u00a0nota oficial do presidente do Congresso Nacional, senador Rodrigo Pacheco (PSD-MG),\u00a0nesta\u00a0quinta-feira (24)\u00a0.Na manifesta\u00e7\u00e3o, ele diz que, assim como\u00a0toda a comunidade internacional,\u00a0o Legislativo brasileiro acompanha\u00a0\u201ccom crescente preocupa\u00e7\u00e3o o agravamento do conflito entre R\u00fassia e Ucr\u00e2nia\u201d.<img decoding=\"async\" src=\"https:\/\/agenciabrasil.ebc.com.br\/ebc.png?id=1444712&amp;o=node\" \/><img decoding=\"async\" src=\"https:\/\/agenciabrasil.ebc.com.br\/ebc.gif?id=1444712&amp;o=node\" \/><\/p>\n<p>\u201cComo presidente do Congresso Nacional e, em nome de meus pares, reafirmamos a necessidade de um di\u00e1logo amplo, pac\u00edfico e democr\u00e1tico com vistas a uma r\u00e1pida solu\u00e7\u00e3o negociada que contemple os leg\u00edtimos interesses das partes envolvidas\u201d,\u00a0ressalta o senador.<\/p>\n<p>Pacheco avaliou\u00a0que a\u00a0magnitude da atual crise e sua r\u00e1pida deteriora\u00e7\u00e3o t\u00eam potencial de impactos pol\u00edtico, econ\u00f4mico e social dif\u00edceis de imaginar.\u00a0O parlamentar reafirmou\u00a0a\u00a0cren\u00e7a\u00a0do Parlamento brasileiro\u00a0na democracia, na conviv\u00eancia harmoniosa, no respeito aos direitos humanos e no multilateralismo consagrado pelos princ\u00edpios das Na\u00e7\u00f5es Unidas,\u00a0al\u00e9m da expectativa\u00a0no\u00a0encaminhamento de uma solu\u00e7\u00e3o pac\u00edfica, mutuamente acordada, para o atual conflito.<\/p>\n<h2>Comiss\u00e3o de Rela\u00e7\u00f5es Exteriores<\/h2>\n<p>Tamb\u00e9m por meio de nota, a\u00a0Comiss\u00e3o de Rela\u00e7\u00f5es Exteriores e de Defesa Nacional da C\u00e2mara dos Deputados informou que repudia\u00a0&#8220;de forma veemente&#8221;\u00a0os ataques\u00a0contra o territ\u00f3rio ucraniano. &#8220;Os bombardeios russos contra a Ucr\u00e2nia, pa\u00eds soberano que conquistou sua Independ\u00eancia em 1991, violam as regras e normas internacionais e devem ser fortemente condenados pelas inst\u00e2ncias multilaterais e os governos democr\u00e1ticos&#8221;, destacou o presidente da comiss\u00e3o, deputado A\u00e9cio Neves (PSDB-MG).<\/p>\n<p>O comunicado reitera\u00a0que o Conselho de Seguran\u00e7a da Organiza\u00e7\u00e3o das Na\u00e7\u00f5es Unidas (ONU)\u00a0\u00e9 a inst\u00e2ncia adequada para a resolu\u00e7\u00e3o pac\u00edfica dos conflitos. &#8220;Encorajamos o Brasil, por meio de sua diplomacia e com assento neste \u00f3rg\u00e3o da ONU, para que atue de forma objetiva e clara em benef\u00edcio do di\u00e1logo e da constru\u00e7\u00e3o de uma agenda de paz e seguran\u00e7a duradouros&#8221;.<\/p>\n<p>Fonte: Ag\u00eancia Brasil<\/p>\n","protected":false},"excerpt":{"rendered":"<p>A invas\u00e3o russa \u00e0 Ucr\u00e2nia\u00a0foi tema de\u00a0nota oficial do presidente do Congresso Nacional, senador Rodrigo Pacheco (PSD-MG),\u00a0nesta\u00a0quinta-feira (24)\u00a0.Na manifesta\u00e7\u00e3o, ele diz que, assim como\u00a0toda a comunidade internacional,\u00a0o Legislativo brasileiro acompanha\u00a0\u201ccom crescente preocupa\u00e7\u00e3o o agravamento do conflito entre R\u00fassia e Ucr\u00e2nia\u201d. \u201cComo presidente do Congresso Nacional e, em nome de meus pares, reafirmamos a necessidade de [&hellip;]<\/p>\n","protected":false},"author":246,"featured_media":195456,"comment_status":"closed","ping_status":"closed","sticky":false,"template":"","format":"standard","meta":{"footnotes":""},"categories":[436,440,254,439],"tags":[],"class_list":["post-195455","post","type-post","status-publish","format-standard","has-post-thumbnail","hentry","category-destaque-da-semana","category-destaques-do-dia","category-politica","category-ultima-hora"],"_links":{"self":[{"href":"https:\/\/diarioregionaldigital.com.br\/index.php?rest_route=\/wp\/v2\/posts\/195455","targetHints":{"allow":["GET"]}}],"collection":[{"href":"https:\/\/diarioregionaldigital.com.br\/index.php?rest_route=\/wp\/v2\/posts"}],"about":[{"href":"https:\/\/diarioregionaldigital.com.br\/index.php?rest_route=\/wp\/v2\/types\/post"}],"author":[{"embeddable":true,"href":"https:\/\/diarioregionaldigital.com.br\/index.php?rest_route=\/wp\/v2\/users\/246"}],"replies":[{"embeddable":true,"href":"https:\/\/diarioregionaldigital.com.br\/index.php?rest_route=%2Fwp%2Fv2%2Fcomments&post=195455"}],"version-history":[{"count":1,"href":"https:\/\/diarioregionaldigital.com.br\/index.php?rest_route=\/wp\/v2\/posts\/195455\/revisions"}],"predecessor-version":[{"id":195457,"href":"https:\/\/diarioregionaldigital.com.br\/index.php?rest_route=\/wp\/v2\/posts\/195455\/revisions\/195457"}],"wp:featuredmedia":[{"embeddable":true,"href":"https:\/\/diarioregionaldigital.com.br\/index.php?rest_route=\/wp\/v2\/media\/195456"}],"wp:attachment":[{"href":"https:\/\/diarioregionaldigital.com.br\/index.php?rest_route=%2Fwp%2Fv2%2Fmedia&parent=195455"}],"wp:term":[{"taxonomy":"category","embeddable":true,"href":"https:\/\/diarioregionaldigital.com.br\/index.php?rest_route=%2Fwp%2Fv2%2Fcategories&post=195455"},{"taxonomy":"post_tag","embeddable":true,"href":"https:\/\/diarioregionaldigital.com.br\/index.php?rest_route=%2Fwp%2Fv2%2Ftags&post=195455"}],"curies":[{"name":"wp","href":"https:\/\/api.w.org\/{rel}","templated":true}]}}