{"id":195443,"date":"2022-02-24T16:35:16","date_gmt":"2022-02-24T19:35:16","guid":{"rendered":"https:\/\/diarioregionaldigital.com.br\/?p=195443"},"modified":"2022-02-24T16:35:16","modified_gmt":"2022-02-24T19:35:16","slug":"ministro-nomeia-novo-secretario-de-politica-economica","status":"publish","type":"post","link":"https:\/\/diarioregionaldigital.com.br\/?p=195443","title":{"rendered":"Ministro nomeia novo secret\u00e1rio de Pol\u00edtica Econ\u00f4mica"},"content":{"rendered":"<p>O ministro da Economia, Paulo Guedes, nomeou Pedro Calhman de Miranda como o novo secret\u00e1rio de Pol\u00edtica Econ\u00f4mica. Calhman ocupar\u00e1 o lugar do ex-secret\u00e1rio Adolfo Sachsida, que foi\u00a0<a href=\"https:\/\/agenciabrasil.ebc.com.br\/economia\/noticia\/2022-02\/guedes-nomeia-daniella-marques-como-nova-secretaria-especial\" target=\"_blank\" rel=\"noopener\">promovido a assessor especial de Assuntos Estrat\u00e9gicos da pasta no in\u00edcio do m\u00eas<\/a>.<img decoding=\"async\" src=\"https:\/\/agenciabrasil.ebc.com.br\/ebc.png?id=1444715&amp;o=node\" \/><img decoding=\"async\" src=\"https:\/\/agenciabrasil.ebc.com.br\/ebc.gif?id=1444715&amp;o=node\" \/><\/p>\n<p>Servidor de carreira do Banco Central, Calhman tem experi\u00eancia no Minist\u00e9rio da Economia. Ele ocupou os cargos de secret\u00e1rio de Avalia\u00e7\u00e3o, Planejamento, Energia e Loteria (Secap) e de subsecret\u00e1rio de Pol\u00edtica Microecon\u00f4mica e Financiamento da Infraestrutura da pr\u00f3pria Secretaria de Pol\u00edtica Econ\u00f4mica (SPE).<\/p>\n<p>O novo secret\u00e1rio estudou Economia na Universidade de Bras\u00edlia (UnB), na Pontif\u00edcia Universidade Cat\u00f3lica do Rio de Janeiro (PUC-Rio) e na Universidade de Stanford, nos Estados Unidos.<\/p>\n<p>Al\u00e9m de publicar estudos com os efeitos das pol\u00edticas e das reformas promovidas pelo governo, a SPE elabora as previs\u00f5es oficiais do Minist\u00e9rio da Economia para vari\u00e1veis econ\u00f4micas como Produto Interno Bruto (PIB, soma dos bens e servi\u00e7os produzidos no pa\u00eds) e infla\u00e7\u00e3o. Essas estimativas s\u00e3o usadas na elabora\u00e7\u00e3o do Or\u00e7amento e s\u00e3o revisadas a cada dois meses, uma semana antes de o governo anunciar o contingenciamento (bloqueio) ou a libera\u00e7\u00e3o de verbas.<\/p>\n<p>Fonte: Ag\u00eancia Brasil<\/p>\n","protected":false},"excerpt":{"rendered":"<p>O ministro da Economia, Paulo Guedes, nomeou Pedro Calhman de Miranda como o novo secret\u00e1rio de Pol\u00edtica Econ\u00f4mica. Calhman ocupar\u00e1 o lugar do ex-secret\u00e1rio Adolfo Sachsida, que foi\u00a0promovido a assessor especial de Assuntos Estrat\u00e9gicos da pasta no in\u00edcio do m\u00eas. Servidor de carreira do Banco Central, Calhman tem experi\u00eancia no Minist\u00e9rio da Economia. Ele ocupou [&hellip;]<\/p>\n","protected":false},"author":246,"featured_media":195444,"comment_status":"closed","ping_status":"closed","sticky":false,"template":"","format":"standard","meta":{"footnotes":""},"categories":[436,440,261,439],"tags":[],"class_list":["post-195443","post","type-post","status-publish","format-standard","has-post-thumbnail","hentry","category-destaque-da-semana","category-destaques-do-dia","category-economia","category-ultima-hora"],"_links":{"self":[{"href":"https:\/\/diarioregionaldigital.com.br\/index.php?rest_route=\/wp\/v2\/posts\/195443","targetHints":{"allow":["GET"]}}],"collection":[{"href":"https:\/\/diarioregionaldigital.com.br\/index.php?rest_route=\/wp\/v2\/posts"}],"about":[{"href":"https:\/\/diarioregionaldigital.com.br\/index.php?rest_route=\/wp\/v2\/types\/post"}],"author":[{"embeddable":true,"href":"https:\/\/diarioregionaldigital.com.br\/index.php?rest_route=\/wp\/v2\/users\/246"}],"replies":[{"embeddable":true,"href":"https:\/\/diarioregionaldigital.com.br\/index.php?rest_route=%2Fwp%2Fv2%2Fcomments&post=195443"}],"version-history":[{"count":1,"href":"https:\/\/diarioregionaldigital.com.br\/index.php?rest_route=\/wp\/v2\/posts\/195443\/revisions"}],"predecessor-version":[{"id":195445,"href":"https:\/\/diarioregionaldigital.com.br\/index.php?rest_route=\/wp\/v2\/posts\/195443\/revisions\/195445"}],"wp:featuredmedia":[{"embeddable":true,"href":"https:\/\/diarioregionaldigital.com.br\/index.php?rest_route=\/wp\/v2\/media\/195444"}],"wp:attachment":[{"href":"https:\/\/diarioregionaldigital.com.br\/index.php?rest_route=%2Fwp%2Fv2%2Fmedia&parent=195443"}],"wp:term":[{"taxonomy":"category","embeddable":true,"href":"https:\/\/diarioregionaldigital.com.br\/index.php?rest_route=%2Fwp%2Fv2%2Fcategories&post=195443"},{"taxonomy":"post_tag","embeddable":true,"href":"https:\/\/diarioregionaldigital.com.br\/index.php?rest_route=%2Fwp%2Fv2%2Ftags&post=195443"}],"curies":[{"name":"wp","href":"https:\/\/api.w.org\/{rel}","templated":true}]}}