{"id":195439,"date":"2022-02-24T06:00:40","date_gmt":"2022-02-24T09:00:40","guid":{"rendered":"https:\/\/diarioregionaldigital.com.br\/?p=195439"},"modified":"2022-02-23T20:37:30","modified_gmt":"2022-02-23T23:37:30","slug":"palavras-comovem-testemunhos-arrastam-24-02-2022","status":"publish","type":"post","link":"https:\/\/diarioregionaldigital.com.br\/?p=195439","title":{"rendered":"Palavras Comovem Testemunhos Arrastam &#8211; 24\/02\/2022"},"content":{"rendered":"<p>Meu caro leitor \u00e9 com alegria que novamente estamos chegando at\u00e9 voc\u00ea para mais uma edi\u00e7\u00e3o de palavras comovem mas testemunhos arrastam. Bem sei de sua expectativa para ler os testemunhos aqui apresentados. Hoje teremos dois belos testemunhos. Vamos ao primeiro:<\/p>\n<p>Sua ben\u00e7\u00e3o Padre. Sou professora tenho 48 anos. Moro em Juiz de Fora. Hoje venho compartilhar o meu milagre com todos voc\u00eas para que acreditem que tudo \u00e9 poss\u00edvel aquele que cr\u00ea, mesmo quando tudo parecer vazio, escuro, pesado, pois temos um Deus misericordioso, bondoso que est\u00e1 no comando de nossas vidas. Em fevereiro de 2021 descobri um c\u00e2ncer de mama, atrav\u00e9s de exames de rotina.\u00a0 Foi na mama esquerda. Em mar\u00e7o de 2021 atrav\u00e9s da biopsia descobrir que teria que retirar toda a mama, fazer quimioterapia, fazer radioterapia e tomar medica\u00e7\u00e3o durante cinco anos. Na hora fiquei sem ch\u00e3o, mas n\u00e3o perder a f\u00e9. Comentei com meus familiares e amigos e gra\u00e7as a Deus come\u00e7aram as ora\u00e7\u00f5es.\u00a0 Foi atrav\u00e9s dos pedidos de ora\u00e7\u00f5es que minha amiga que \u00e9 tamb\u00e9m minha madrinha de casamento, me colocou no grupo de ora\u00e7\u00e3o Missa e ter\u00e7o de S\u00e3o JudasTadeu Causas Imposs\u00edveis. Conheci esse grupo maravilhoso, comecei a rezar o ter\u00e7o, fazer a novena e a interagir com a grupo. Conheci virtualmente uma jovem que me incentivou muito com palavras, ora\u00e7\u00f5es. A m\u00e3e dela tamb\u00e9m estava no tratamento do c\u00e2ncer.\u00a0 Padre esse grupo \u00e9 maravilhoso. Sempre nos incentiva. Pr\u00f3ximo da cirurgia conversei com o senhor padre Erelis pelo WhatsApp, o senhor me ajudou bastante com palavras de incentivo, f\u00e9&#8230;Com as ora\u00e7\u00f5es a s\u00e3o Judas Tadeu e S\u00e3o Roque. Fiz a cirurgia em junho retirei a mama esquerda, logo no mesmo dia fiz a reconstru\u00e7\u00e3o mam\u00e1ria com a pr\u00f3tese. Em julho tive que retirar 05 cinco linfonodos que estavam comprometidos. Em agosto tive que colocar um cateter pois minhas veias n\u00e3o aguentam as quimioterapia.\u00a0 No dia 25\/08 come\u00e7aram as quimioterapia foram 16 sess\u00f5es e ontem 16\/02\/2022 terminaram. S\u00f3 tenho agradecer primeiramente a Deus a Ele toda honra e toda gl\u00f3ria . A Jesus Cristo seu Filho amado\u00a0 a Nossa Querida M\u00e3e Maria sempre intercedendo por n\u00f3s, foram in\u00fameras vezes que pedi me socorre M\u00e3e.\u00a0 S\u00e3o Judas Tadeu que intercedeu por mim, sempre pedi a ele me socorre. As aulas presenciais voltaram em setembro e eu consegui a trabalhar, fazendo as quimioterapias. Teve dias que n\u00e3o foram f\u00e1ceis mas o Senhor me Sustentou. Fui forte e corajosa com o amor de Deus por mim. E a vit\u00f3ria Padre foi nossa de todos os meus familiares, amigos agrade\u00e7o a Deus pela vida de cada pessoa que passou pela minha vida de forma presencial, virtual que rezou, que lutou comigo durante esse 1 um ano de tratamento.\u00a0 Obrigada. Gratid\u00e3o e o que me define esse dia. A mensagem que deixo nunca percam a f\u00e9. Vamos ao segundo testemunho:<\/p>\n<p>Devota de S\u00e3o Judas Tadeu:\u00a0 boa noite! Em nome da Minha Amiga venho agradecer a todos as<\/p>\n<p>Ora\u00e7\u00f5es que por ela foram feitas. Ela j\u00e1 melhorou, est\u00e1 andando bem passou a tarde toda aqui comigo.<\/p>\n<p>Obrigado ao padre Erelis e a todos que rezaram pedindo a intercess\u00e3o de s\u00e3o Judas Tadeu, de nossa Senhora\u00a0 Aparecida e de todos os Santos pela cura dela. Vejam como milagres existem.<\/p>\n","protected":false},"excerpt":{"rendered":"<p>Meu caro leitor \u00e9 com alegria que novamente estamos chegando at\u00e9 voc\u00ea para mais uma edi\u00e7\u00e3o de palavras comovem mas testemunhos arrastam. Bem sei de sua expectativa para ler os testemunhos aqui apresentados. Hoje teremos dois belos testemunhos. Vamos ao primeiro: Sua ben\u00e7\u00e3o Padre. Sou professora tenho 48 anos. Moro em Juiz de Fora. Hoje [&hellip;]<\/p>\n","protected":false},"author":96,"featured_media":0,"comment_status":"closed","ping_status":"closed","sticky":false,"template":"","format":"standard","meta":{"footnotes":""},"categories":[1245],"tags":[],"class_list":["post-195439","post","type-post","status-publish","format-standard","hentry","category-padre-erelis"],"_links":{"self":[{"href":"https:\/\/diarioregionaldigital.com.br\/index.php?rest_route=\/wp\/v2\/posts\/195439","targetHints":{"allow":["GET"]}}],"collection":[{"href":"https:\/\/diarioregionaldigital.com.br\/index.php?rest_route=\/wp\/v2\/posts"}],"about":[{"href":"https:\/\/diarioregionaldigital.com.br\/index.php?rest_route=\/wp\/v2\/types\/post"}],"author":[{"embeddable":true,"href":"https:\/\/diarioregionaldigital.com.br\/index.php?rest_route=\/wp\/v2\/users\/96"}],"replies":[{"embeddable":true,"href":"https:\/\/diarioregionaldigital.com.br\/index.php?rest_route=%2Fwp%2Fv2%2Fcomments&post=195439"}],"version-history":[{"count":1,"href":"https:\/\/diarioregionaldigital.com.br\/index.php?rest_route=\/wp\/v2\/posts\/195439\/revisions"}],"predecessor-version":[{"id":195440,"href":"https:\/\/diarioregionaldigital.com.br\/index.php?rest_route=\/wp\/v2\/posts\/195439\/revisions\/195440"}],"wp:attachment":[{"href":"https:\/\/diarioregionaldigital.com.br\/index.php?rest_route=%2Fwp%2Fv2%2Fmedia&parent=195439"}],"wp:term":[{"taxonomy":"category","embeddable":true,"href":"https:\/\/diarioregionaldigital.com.br\/index.php?rest_route=%2Fwp%2Fv2%2Fcategories&post=195439"},{"taxonomy":"post_tag","embeddable":true,"href":"https:\/\/diarioregionaldigital.com.br\/index.php?rest_route=%2Fwp%2Fv2%2Ftags&post=195439"}],"curies":[{"name":"wp","href":"https:\/\/api.w.org\/{rel}","templated":true}]}}