{"id":195437,"date":"2022-02-24T06:00:49","date_gmt":"2022-02-24T09:00:49","guid":{"rendered":"https:\/\/diarioregionaldigital.com.br\/?p=195437"},"modified":"2022-02-23T20:35:11","modified_gmt":"2022-02-23T23:35:11","slug":"camara-municipal-de-matias-barbosa-processo-licitatorio-no05-24-02-2022","status":"publish","type":"post","link":"https:\/\/diarioregionaldigital.com.br\/?p=195437","title":{"rendered":"C\u00e2mara Municipal de Matias Barbosa &#8211; Processo Licitat\u00f3rio n\u00ba05 &#8211; 24\/02\/2022"},"content":{"rendered":"<p style=\"text-align: center;\"><strong>AVISO DE LICITA\u00c7\u00c3O<\/strong><\/p>\n<p style=\"text-align: center;\"><strong>PROCESSO LICITAT\u00d3RIO N\u00ba. 05\/2022<\/strong><\/p>\n<p style=\"text-align: center;\"><strong>PREG\u00c3O PRESENCIAL N\u00ba. 02\/2022<\/strong><\/p>\n<p><strong>OBJETO: <\/strong>Contrata\u00e7\u00e3o de empresa especializada para presta\u00e7\u00e3o de servi\u00e7os de vigia 24 horas por dia, nas depend\u00eancias da sede da C\u00e2mara Municipal de Matias Barbosa, pelo per\u00edodo de 12 meses.<\/p>\n<p><strong>SETOR REQUISITANTE:<\/strong> Presid\u00eancia da C\u00e2mara Municipal de Matias Barbosa<\/p>\n<p><strong>ENTREGA E ABERTURA DOS ENVELOPES DE \u201cHABILITA\u00c7\u00c3O\u201d E \u201cPROPOSTA <\/strong><\/p>\n<p><strong>DATA<\/strong>:14\/03\/2022<\/p>\n<p><strong>HOR\u00c1RIO<\/strong>: 09:00 horas<\/p>\n<p><strong>LOCAL:<\/strong> Audit\u00f3rio da C\u00e2mara Municipal de Matias Barbosa, situada na Avenida Engenheiro Paulo Brand\u00e3o, n\u00b0. 380, Loteamento Parque dos Sabi\u00e1s na cidade de Matias Barbosa \u2013 MG. CEP: 36.120-000.<\/p>\n<p><strong>CONSULTAS AO EDITAL E DIVULGA\u00c7\u00c3O DE INFORMA\u00c7\u00d5ES: No site <\/strong>C\u00e2mara Municipal: <a href=\"http:\/\/www.matiasbarbosa.mg.leg.br%0d\">www.matiasbarbosa.mg.leg.br<\/a><\/p>\n<p><strong>ESCLARECIMENTOS<\/strong>: Eventuais d\u00favidas podem ser esclarecidas atrav\u00e9s do e-mail: <a href=\"mailto:licitacao@matiasbarbosa.mg.leg.br\">licitacao@matiasbarbosa.mg.leg.br<\/a>, Fone: (32) 3273 5727 ou (32) 3273-5720.<\/p>\n","protected":false},"excerpt":{"rendered":"<p>AVISO DE LICITA\u00c7\u00c3O PROCESSO LICITAT\u00d3RIO N\u00ba. 05\/2022 PREG\u00c3O PRESENCIAL N\u00ba. 02\/2022 OBJETO: Contrata\u00e7\u00e3o de empresa especializada para presta\u00e7\u00e3o de servi\u00e7os de vigia 24 horas por dia, nas depend\u00eancias da sede da C\u00e2mara Municipal de Matias Barbosa, pelo per\u00edodo de 12 meses. SETOR REQUISITANTE: Presid\u00eancia da C\u00e2mara Municipal de Matias Barbosa ENTREGA E ABERTURA DOS ENVELOPES [&hellip;]<\/p>\n","protected":false},"author":96,"featured_media":0,"comment_status":"closed","ping_status":"closed","sticky":false,"template":"","format":"standard","meta":{"footnotes":""},"categories":[307],"tags":[],"class_list":["post-195437","post","type-post","status-publish","format-standard","hentry","category-editais"],"_links":{"self":[{"href":"https:\/\/diarioregionaldigital.com.br\/index.php?rest_route=\/wp\/v2\/posts\/195437","targetHints":{"allow":["GET"]}}],"collection":[{"href":"https:\/\/diarioregionaldigital.com.br\/index.php?rest_route=\/wp\/v2\/posts"}],"about":[{"href":"https:\/\/diarioregionaldigital.com.br\/index.php?rest_route=\/wp\/v2\/types\/post"}],"author":[{"embeddable":true,"href":"https:\/\/diarioregionaldigital.com.br\/index.php?rest_route=\/wp\/v2\/users\/96"}],"replies":[{"embeddable":true,"href":"https:\/\/diarioregionaldigital.com.br\/index.php?rest_route=%2Fwp%2Fv2%2Fcomments&post=195437"}],"version-history":[{"count":1,"href":"https:\/\/diarioregionaldigital.com.br\/index.php?rest_route=\/wp\/v2\/posts\/195437\/revisions"}],"predecessor-version":[{"id":195438,"href":"https:\/\/diarioregionaldigital.com.br\/index.php?rest_route=\/wp\/v2\/posts\/195437\/revisions\/195438"}],"wp:attachment":[{"href":"https:\/\/diarioregionaldigital.com.br\/index.php?rest_route=%2Fwp%2Fv2%2Fmedia&parent=195437"}],"wp:term":[{"taxonomy":"category","embeddable":true,"href":"https:\/\/diarioregionaldigital.com.br\/index.php?rest_route=%2Fwp%2Fv2%2Fcategories&post=195437"},{"taxonomy":"post_tag","embeddable":true,"href":"https:\/\/diarioregionaldigital.com.br\/index.php?rest_route=%2Fwp%2Fv2%2Ftags&post=195437"}],"curies":[{"name":"wp","href":"https:\/\/api.w.org\/{rel}","templated":true}]}}