{"id":195427,"date":"2022-02-23T14:35:59","date_gmt":"2022-02-23T17:35:59","guid":{"rendered":"https:\/\/diarioregionaldigital.com.br\/?p=195427"},"modified":"2022-02-23T14:35:59","modified_gmt":"2022-02-23T17:35:59","slug":"programa-boniteza-promove-110-acoes-de-zeladoria-em-todas-as-regioes","status":"publish","type":"post","link":"https:\/\/diarioregionaldigital.com.br\/?p=195427","title":{"rendered":"Programa Boniteza promove 110 a\u00e7\u00f5es de zeladoria em todas as regi\u00f5es"},"content":{"rendered":"<p>Segundo informa\u00e7\u00f5es do site da Prefeitura de Juiz de Fora,\u00a0 \u00a0por meio da Secretaria de Obras (SO) e do Gabinete de A\u00e7\u00e3o e Di\u00e1logo Comunit\u00e1rio (GADC) da Prefeitura de Juiz de Fora (PJF), o Programa Boniteza opera em 110 interven\u00e7\u00f5es nesta quarta-feira, 23.<\/p>\n<p>&nbsp;<\/p>\n<p><strong>Obras<\/strong><\/p>\n<p>&nbsp;<\/p>\n<p>Os Departamentos de Opera\u00e7\u00e3o e Manuten\u00e7\u00e3o em Obras (Domo) e de Estradas Vicinais da Secretaria de Obras t\u00eam previstas 20 a\u00e7\u00f5es.<\/p>\n<p>&nbsp;<\/p>\n<p>Interven\u00e7\u00f5es em continuidade:<\/p>\n<p>-Transporte de material para lan\u00e7amento em pontos cr\u00edticos &#8211; Estrada Vale dos Pe\u00f5es &#8211; Linhares<\/p>\n<p>-Constru\u00e7\u00e3o de rede de drenagem &#8211; Rua Celso Nunes Leal &#8211; Bonfim<\/p>\n<p>-Enrocamento na margem do c\u00f3rrego &#8211; Rua Diva Garcia &#8211; Linhares<\/p>\n<p>-Corre\u00e7\u00e3o de eros\u00e3o &#8211; Rua Monte L\u00edbano, 665 &#8211; Bandeirantes<\/p>\n<p>-Corre\u00e7\u00e3o de eros\u00e3o &#8211; Rua Monte L\u00edbano 453 &#8211; Bandeirantes<\/p>\n<p>-Desobstru\u00e7\u00e3o de rede pluvial e reforma das bocas de lobo &#8211; Avenida JK \u2013 Distrito Industrial &#8211; Distrito Industrial<\/p>\n<p>-Limpeza das bocas de lobo &#8211; Rua Fernando Lamarca &#8211; Distrito Industrial<\/p>\n<p>-Limpeza das bocas de lobo &#8211; Rua Jo\u00e3o Francisco Monteiro &#8211; Santa Cec\u00edlia<\/p>\n<p>-Retirada de barreira e lan\u00e7amento de material granulado em pontos cr\u00edticos &#8211; Estrada da Pedra Branca &#8211; N\u00e1utico<\/p>\n<p>-Encabe\u00e7amento de bueiro 0,60 &#8211; Estrada da Invernada &#8211; Torre\u00f5es<\/p>\n<p>-Ro\u00e7ada nas ruas do Distrito de Ros\u00e1rio de Minas &#8211; Ruas do Distrito\u00a0\u00a0 \u00a0Ros\u00e1rio de Minas<\/p>\n<p>-Execu\u00e7\u00e3o de sa\u00edda de \u00e1gua na estrada &#8211; Estrada de Penido \u00e0 Ros\u00e1rio &#8211; Ros\u00e1rio de Minas<\/p>\n<p>&nbsp;<\/p>\n<p><strong>Novas interven\u00e7\u00f5es:<\/strong><\/p>\n<p>-Patrolamento e lan\u00e7amento de material granulado &#8211; Rua Bruno Simili &#8211; Distrito Industrial<\/p>\n<p>-Execu\u00e7\u00e3o de leira &#8211; Rua Miguel Jacob- Graja\u00fa<\/p>\n<p>-Reforma de canaleta de drenagem &#8211; Rua Silvestre Ara\u00fajo Porto &#8211; Marumbi<\/p>\n<p>-Reforma de passeio &#8211; Avenida Senhor dos Passos &#8211; ponto de \u00f4nibus &#8211; Cai\u00e7aras<\/p>\n<p>-Retirada de barreira &#8211; Estrada do ponto final da Estrada de Toledos &#8211; Toledos<\/p>\n<p>-Lan\u00e7amento de material granulado &#8211; Estrada do Milit\u00e3o &#8211; Ros\u00e1rio de Minas<\/p>\n<p>-Retirada de barreira e lan\u00e7amento de material em pontos cr\u00edticos &#8211; Estrada de Pirapetinga &#8211; Pirapetinga<\/p>\n<p>-Deslocamento da patrol (m\u00e1quina) &#8211; Estrada de Pirapetinga ao Morro do Sab\u00e3o &#8211; Pirapetinga<\/p>\n<p>&nbsp;<\/p>\n<p><strong>Ilumina\u00e7\u00e3o P\u00fablica<\/strong><\/p>\n<p>&nbsp;<\/p>\n<p>O departamento de Ilumina\u00e7\u00e3o P\u00fablica da PJF d\u00e1 continuidade \u00e0s a\u00e7\u00f5es com a previs\u00e3o de trocas de 90 l\u00e2mpadas em todas as regi\u00f5es.<\/p>\n<p>&nbsp;<\/p>\n<p><strong>-Centro<\/strong><\/p>\n<p>Avenida Bar\u00e3o do Rio Branco<\/p>\n<p>Rua Oswaldo Cruz<\/p>\n<p>Rua Benjamin Constant<\/p>\n<p>&nbsp;<\/p>\n<p><strong>-Democrata<\/strong><\/p>\n<p>Rua Monsenhor Ferrer<\/p>\n<p>&nbsp;<\/p>\n<p><strong>-Granbery<\/strong><\/p>\n<p>Rua Batista de Oliveira<\/p>\n<p>Rua Pedro de Aquino Ramo<\/p>\n<p>&nbsp;<\/p>\n<p><strong>-S\u00e3o Mateus<\/strong><\/p>\n<p>Avenida Alexandre Leonel<\/p>\n<p>Rua Gua\u00e7u\u00ed<\/p>\n<p>Rua Paulo de Souza Freire<\/p>\n<p>Rua Chanceler Oswaldo Aranha<\/p>\n<p>&nbsp;<\/p>\n<p><strong>-Paineiras<\/strong><\/p>\n<p>Rua Belo Horizonte<\/p>\n<p>Rua Monsenhor Nogueira<\/p>\n<p>&nbsp;<\/p>\n<p><strong>-Passos<\/strong><\/p>\n<p>Rua Doutor Laureano<\/p>\n<p>&nbsp;<\/p>\n<p><strong>-Bom Pastor<\/strong><\/p>\n<p>Rua Irineu Marinho<\/p>\n<p>&nbsp;<\/p>\n<p><strong>-S\u00e3o Sebasti\u00e3o<\/strong><\/p>\n<p>Rua Antonio Leocadio Guedes<\/p>\n<p>&nbsp;<\/p>\n<p><strong>-S\u00e3o Benedito<\/strong><\/p>\n<p>Rua C (Bela Vista)<\/p>\n<p>Rua Jos\u00e9 Augusto Campos<\/p>\n<p>&nbsp;<\/p>\n<p><strong>-Progresso<\/strong><\/p>\n<p>Rua Am\u00e9rico Lobo<\/p>\n<p>Rua Manoel Lage<\/p>\n<p>Rua Aleixo Martins Neto<\/p>\n<p>&nbsp;<\/p>\n<p><strong>-Nossa Senhora Aparecida<\/strong><\/p>\n<p>Rua Carmela Dutra<\/p>\n<p>Rua Nossa Senhora Aparecida<\/p>\n<p>Rua Ot\u00e1vio Pereira Torres<\/p>\n<p>&nbsp;<\/p>\n<p><strong>-Graja\u00fa<\/strong><\/p>\n<p>Rua Alvina Alves<\/p>\n<p>&nbsp;<\/p>\n<p><strong>-Bonsucesso<\/strong><\/p>\n<p>Rua Jos\u00e9 de Souza Chagas<\/p>\n<p>&nbsp;<\/p>\n<p><strong>-Santos Anjos<\/strong><\/p>\n<p>Rua Bar\u00e3o de Juiz de Fora<\/p>\n<p>&nbsp;<\/p>\n<p><strong>-Recanto dos Lagos<\/strong><\/p>\n<p>Rua Oliv\u00e9rio Pires de Carvalho<\/p>\n<p>&nbsp;<\/p>\n<p><strong>-Bom Clima<\/strong><\/p>\n<p>Rua Jos\u00e9 Teodosio de Araujo<\/p>\n<p>&nbsp;<\/p>\n<p><strong>-Quintas das Avenidas<\/strong><\/p>\n<p>Rua Nicolau Ferreira Mendes<\/p>\n<p>Rua Arthur Max Degwert<\/p>\n<p>&nbsp;<\/p>\n<p><strong>-Recanto da Mata<\/strong><\/p>\n<p>Rua Engenheiro Geraldo Magela de Mattos San\u00e1bio<\/p>\n<p>Rua \u00c1lvaro Ambrozio Dias<\/p>\n<p>Rua I<\/p>\n<p>Rua Professora Myrtes Felga<\/p>\n<p>Rua K<\/p>\n<p>&nbsp;<\/p>\n<p><strong>-Monte Castelo<\/strong><\/p>\n<p>Rua Pedro Ronzani<\/p>\n<p>&nbsp;<\/p>\n<p><strong>-Santa Isabel<\/strong><\/p>\n<p>Rua Pedro Ant\u00f4nio da Concei\u00e7\u00e3o<\/p>\n<p>Rua Jornalista Newton Dantas<\/p>\n<p>&nbsp;<\/p>\n<p><strong>-Milho Branco<\/strong><\/p>\n<p>Rua Francisco Salzer<\/p>\n<p>Rua Cl\u00e1udia Lamarca Pereira<\/p>\n<p>&nbsp;<\/p>\n<p><strong>-Realeza<\/strong><\/p>\n<p>Rua Francisco Queiroz Caputo<\/p>\n<p>&nbsp;<\/p>\n<p><strong>-Esplanada<\/strong><\/p>\n<p>Rua Arthur Machado Filho<\/p>\n<p>&nbsp;<\/p>\n<p><strong>-S\u00e3o Pedro<\/strong><\/p>\n<p>Avenida Pedro Henrique Krambeck<\/p>\n<p>Rua Luiz Brant Horta<\/p>\n<p>Rua Ivon Jos\u00e9 Curi<\/p>\n<p>Rua Jo\u00e3o Krolman Sobrinho<\/p>\n<p>Rua Ludwig Van Beethoven<\/p>\n<p>Rua Wolfgang Amadeus Mozart<\/p>\n<p>Rua Alberto Pinto<\/p>\n<p>&nbsp;<\/p>\n<p><strong>-Serra D&#8217;agua<\/strong><\/p>\n<p>Alameda 29<\/p>\n<p>Alameda 34<\/p>\n<p>&nbsp;<\/p>\n<p><strong>-Salvaterra<\/strong><\/p>\n<p>Estrada Domingos Hungaro<\/p>\n<p>&nbsp;<\/p>\n<p><strong>-Vina Del Mar<\/strong><\/p>\n<p>Rua Izabel Defeo Zanini<\/p>\n<p>&nbsp;<\/p>\n<p><strong>-Martelos<\/strong><\/p>\n<p>Rua Robert Schumann<\/p>\n<p>Rua Ludwig Van Beethoven<\/p>\n<p>&nbsp;<\/p>\n<p><strong>-Santos Dumont<\/strong><\/p>\n<p>Rua Izolino Gon\u00e7alves Coelho<\/p>\n<p>Rua Professor Jos\u00e9 Vila Bolsadas<\/p>\n<p>Rua Professor Jos\u00e9 Barata<\/p>\n<p>&nbsp;<\/p>\n<p><strong>-Cerro Azul<\/strong><\/p>\n<p>Rua Engenheiro Gentil Forn<\/p>\n<p>&nbsp;<\/p>\n<p><strong>-Alto dos Pinheiros<\/strong><\/p>\n<p>Rua Jos\u00e9 Hon\u00f3rio Loures<\/p>\n<p>Rua H\u00e9lio de Castro Surerus<\/p>\n<p>&nbsp;<\/p>\n<p><strong>-Santo Ant\u00f4nio<\/strong><\/p>\n<p>Rua Francisco Fontainha<\/p>\n<p>Rua Francisco Rodrigues Silva<\/p>\n<p>Rua Luciano Vianello<\/p>\n<p>Rua Triunfo<\/p>\n<p>Rua Porto Seguro<\/p>\n<p>Rua Francisco Pereira<\/p>\n<p>&nbsp;<\/p>\n<p><strong>-Tiguera<\/strong><\/p>\n<p>Rua Adolfo Euz\u00e9bio de Carvalho<\/p>\n<p>&nbsp;<\/p>\n<p><strong>-Nossa Senhora de Lourdes<\/strong><\/p>\n<p>Rua Professor Luiz Viana<\/p>\n<p>Rua Hor\u00e1cio de Mello Brand\u00e3o<\/p>\n<p>&nbsp;<\/p>\n<p><strong>-Po\u00e7o Rico<\/strong><\/p>\n<p>Rua Doutor Vila\u00e7a<\/p>\n<p>&nbsp;<\/p>\n<p><strong>Gabinete de A\u00e7\u00e3o e Di\u00e1logo Comunit\u00e1rio<\/strong><\/p>\n<p>&nbsp;<\/p>\n<p>As a\u00e7\u00f5es da Secretaria de Obras s\u00e3o realizadas atrav\u00e9s do Gabinete de A\u00e7\u00e3o e Di\u00e1logo Comunit\u00e1rio, que recebe demandas de melhorias urbanas pelo n\u00famero (32) 3690-7241, por liga\u00e7\u00e3o ou WhatsApp.<\/p>\n<p>&nbsp;<\/p>\n<p>No\u00a0<a href=\"https:\/\/www.pjf.mg.gov.br\/gabinetecomunitario\/\"><strong>site do gabinete<\/strong><\/a>, est\u00e3o dispon\u00edveis informa\u00e7\u00f5es atualizadas\u00a0 diariamente sobre os servi\u00e7os realizados pelas secretarias de Obras (SO); de Sustentabilidade em Meio Ambiente e Atividades Urbanas (Sesmaur); de Mobilidade Urbana (SMU); e pela\u00a0 Empresa Municipal de Pavimenta\u00e7\u00e3o e Urbaniza\u00e7\u00e3o (Empav); Departamento Municipal de Limpeza Urbana (Demlurb); e Companhia de Saneamento Municipal (Cesama).<\/p>\n","protected":false},"excerpt":{"rendered":"<p>Segundo informa\u00e7\u00f5es do site da Prefeitura de Juiz de Fora,\u00a0 \u00a0por meio da Secretaria de Obras (SO) e do Gabinete de A\u00e7\u00e3o e Di\u00e1logo Comunit\u00e1rio (GADC) da Prefeitura de Juiz de Fora (PJF), o Programa Boniteza opera em 110 interven\u00e7\u00f5es nesta quarta-feira, 23. &nbsp; Obras &nbsp; Os Departamentos de Opera\u00e7\u00e3o e Manuten\u00e7\u00e3o em Obras (Domo) [&hellip;]<\/p>\n","protected":false},"author":246,"featured_media":195428,"comment_status":"closed","ping_status":"closed","sticky":false,"template":"","format":"standard","meta":{"footnotes":""},"categories":[253,436,439],"tags":[],"class_list":["post-195427","post","type-post","status-publish","format-standard","has-post-thumbnail","hentry","category-cidade","category-destaque-da-semana","category-ultima-hora"],"_links":{"self":[{"href":"https:\/\/diarioregionaldigital.com.br\/index.php?rest_route=\/wp\/v2\/posts\/195427","targetHints":{"allow":["GET"]}}],"collection":[{"href":"https:\/\/diarioregionaldigital.com.br\/index.php?rest_route=\/wp\/v2\/posts"}],"about":[{"href":"https:\/\/diarioregionaldigital.com.br\/index.php?rest_route=\/wp\/v2\/types\/post"}],"author":[{"embeddable":true,"href":"https:\/\/diarioregionaldigital.com.br\/index.php?rest_route=\/wp\/v2\/users\/246"}],"replies":[{"embeddable":true,"href":"https:\/\/diarioregionaldigital.com.br\/index.php?rest_route=%2Fwp%2Fv2%2Fcomments&post=195427"}],"version-history":[{"count":1,"href":"https:\/\/diarioregionaldigital.com.br\/index.php?rest_route=\/wp\/v2\/posts\/195427\/revisions"}],"predecessor-version":[{"id":195429,"href":"https:\/\/diarioregionaldigital.com.br\/index.php?rest_route=\/wp\/v2\/posts\/195427\/revisions\/195429"}],"wp:featuredmedia":[{"embeddable":true,"href":"https:\/\/diarioregionaldigital.com.br\/index.php?rest_route=\/wp\/v2\/media\/195428"}],"wp:attachment":[{"href":"https:\/\/diarioregionaldigital.com.br\/index.php?rest_route=%2Fwp%2Fv2%2Fmedia&parent=195427"}],"wp:term":[{"taxonomy":"category","embeddable":true,"href":"https:\/\/diarioregionaldigital.com.br\/index.php?rest_route=%2Fwp%2Fv2%2Fcategories&post=195427"},{"taxonomy":"post_tag","embeddable":true,"href":"https:\/\/diarioregionaldigital.com.br\/index.php?rest_route=%2Fwp%2Fv2%2Ftags&post=195427"}],"curies":[{"name":"wp","href":"https:\/\/api.w.org\/{rel}","templated":true}]}}