{"id":195421,"date":"2022-02-23T14:32:12","date_gmt":"2022-02-23T17:32:12","guid":{"rendered":"https:\/\/diarioregionaldigital.com.br\/?p=195421"},"modified":"2022-02-23T14:32:12","modified_gmt":"2022-02-23T17:32:12","slug":"controladoria-realiza-prestacao-de-contas-em-audiencia-publica-na-camara","status":"publish","type":"post","link":"https:\/\/diarioregionaldigital.com.br\/?p=195421","title":{"rendered":"Controladoria realiza presta\u00e7\u00e3o de contas em audi\u00eancia p\u00fablica na C\u00e2mara"},"content":{"rendered":"<p>Segundo informa\u00e7\u00f5es do site da Prefeitura de Juiz de Fora,\u00a0 por meio da Controladoria Geral do Munic\u00edpio (CGM), a Prefeitura de Juiz de Fora (PJF), apresentar\u00e1, nesta quinta-feira, 24, \u00e0s 15h, no plen\u00e1rio da C\u00e2mara Municipal, as execu\u00e7\u00f5es or\u00e7ament\u00e1ria e financeira do Munic\u00edpio, relativas ao terceiro quadrimestre de 2021, e as metas de arrecada\u00e7\u00e3o estabelecidas na Lei de Diretrizes Or\u00e7ament\u00e1rias (LDO), conforme disposto no par\u00e1grafo 4\u00ba do artigo 9\u00ba da Lei de Responsabilidade Fiscal (LRF), o qual define que at\u00e9 o final dos meses de maio, setembro e fevereiro, o Poder Executivo demonstrar\u00e1 e avaliar\u00e1 o cumprimento das metas fiscais de cada quadrimestre, em audi\u00eancia p\u00fablica.<\/p>\n<p>Para compara\u00e7\u00e3o das informa\u00e7\u00f5es, ser\u00e1 apresentada, tamb\u00e9m, a execu\u00e7\u00e3o de igual per\u00edodo de 2020.\u00a0A reuni\u00e3o segue o princ\u00edpio da legalidade e tem o objetivo de manter o cidad\u00e3o informado sobre a gest\u00e3o do dinheiro p\u00fablico pelo Poder Executivo.<\/p>\n<p>A Audi\u00eancia ser\u00e1 aberta ao p\u00fablico, obedecendo os protocolos de seguran\u00e7a e distanciamento em fun\u00e7\u00e3o do Covid-19, e transmitida ao vivo pela JFTV C\u00e2mara, no canal 35.1.<\/p>\n","protected":false},"excerpt":{"rendered":"<p>Segundo informa\u00e7\u00f5es do site da Prefeitura de Juiz de Fora,\u00a0 por meio da Controladoria Geral do Munic\u00edpio (CGM), a Prefeitura de Juiz de Fora (PJF), apresentar\u00e1, nesta quinta-feira, 24, \u00e0s 15h, no plen\u00e1rio da C\u00e2mara Municipal, as execu\u00e7\u00f5es or\u00e7ament\u00e1ria e financeira do Munic\u00edpio, relativas ao terceiro quadrimestre de 2021, e as metas de arrecada\u00e7\u00e3o estabelecidas [&hellip;]<\/p>\n","protected":false},"author":246,"featured_media":195422,"comment_status":"closed","ping_status":"closed","sticky":false,"template":"","format":"standard","meta":{"footnotes":""},"categories":[253,436,440,439],"tags":[],"class_list":["post-195421","post","type-post","status-publish","format-standard","has-post-thumbnail","hentry","category-cidade","category-destaque-da-semana","category-destaques-do-dia","category-ultima-hora"],"_links":{"self":[{"href":"https:\/\/diarioregionaldigital.com.br\/index.php?rest_route=\/wp\/v2\/posts\/195421","targetHints":{"allow":["GET"]}}],"collection":[{"href":"https:\/\/diarioregionaldigital.com.br\/index.php?rest_route=\/wp\/v2\/posts"}],"about":[{"href":"https:\/\/diarioregionaldigital.com.br\/index.php?rest_route=\/wp\/v2\/types\/post"}],"author":[{"embeddable":true,"href":"https:\/\/diarioregionaldigital.com.br\/index.php?rest_route=\/wp\/v2\/users\/246"}],"replies":[{"embeddable":true,"href":"https:\/\/diarioregionaldigital.com.br\/index.php?rest_route=%2Fwp%2Fv2%2Fcomments&post=195421"}],"version-history":[{"count":1,"href":"https:\/\/diarioregionaldigital.com.br\/index.php?rest_route=\/wp\/v2\/posts\/195421\/revisions"}],"predecessor-version":[{"id":195423,"href":"https:\/\/diarioregionaldigital.com.br\/index.php?rest_route=\/wp\/v2\/posts\/195421\/revisions\/195423"}],"wp:featuredmedia":[{"embeddable":true,"href":"https:\/\/diarioregionaldigital.com.br\/index.php?rest_route=\/wp\/v2\/media\/195422"}],"wp:attachment":[{"href":"https:\/\/diarioregionaldigital.com.br\/index.php?rest_route=%2Fwp%2Fv2%2Fmedia&parent=195421"}],"wp:term":[{"taxonomy":"category","embeddable":true,"href":"https:\/\/diarioregionaldigital.com.br\/index.php?rest_route=%2Fwp%2Fv2%2Fcategories&post=195421"},{"taxonomy":"post_tag","embeddable":true,"href":"https:\/\/diarioregionaldigital.com.br\/index.php?rest_route=%2Fwp%2Fv2%2Ftags&post=195421"}],"curies":[{"name":"wp","href":"https:\/\/api.w.org\/{rel}","templated":true}]}}