{"id":195418,"date":"2022-02-23T14:29:29","date_gmt":"2022-02-23T17:29:29","guid":{"rendered":"https:\/\/diarioregionaldigital.com.br\/?p=195418"},"modified":"2022-02-23T14:29:29","modified_gmt":"2022-02-23T17:29:29","slug":"figueirense-empata-com-lagarto-e-e-1o-classificado-na-copa-do-brasil","status":"publish","type":"post","link":"https:\/\/diarioregionaldigital.com.br\/?p=195418","title":{"rendered":"Figueirense empata com Lagarto e \u00e9 1\u00ba classificado na Copa do Brasil"},"content":{"rendered":"<p>O Figueirense \u00e9 o primeiro time classificado \u00e0\u00a0segunda\u00a0fase da Copa do Brasil. Nesta\u00a0ter\u00e7a-feira (22), o Alvinegro n\u00e3o saiu do zero com o Lagarto no Est\u00e1dio Paulo Barreto de Menezes (Barret\u00e3o), em Lagarto (SE). Os catarinenses se beneficiaram pelo regulamento\u00a0indicar que o clube mais bem\u00a0colocado no\u00a0<em>ranking<\/em>\u00a0da Confedera\u00e7\u00e3o Brasileira de Futebol (CBF) tem a vantagem do empate na primeira fase.<img decoding=\"async\" src=\"https:\/\/agenciabrasil.ebc.com.br\/ebc.png?id=1444128&amp;o=node\" \/><img decoding=\"async\" src=\"https:\/\/agenciabrasil.ebc.com.br\/ebc.gif?id=1444128&amp;o=node\" \/><\/p>\n<p>A classifica\u00e7\u00e3o assegurou R$ 750 mil aos cofres do Figueira, que j\u00e1 havia embolsado R$ 620 mil pela participa\u00e7\u00e3o, mesmo montante que o time sergipano\u00a0recebeu. Na pr\u00f3xima fase, a equipe de Santa Catarina encara quem avan\u00e7ar entre ASA e Cuiab\u00e1, que se enfrentam nesta\u00a0quarta-feira (23), \u00e0s 19h (hor\u00e1rio de Bras\u00edlia), no Est\u00e1dio Coaracy da Mata Fonseca (Fumeir\u00e3o), em Arapiraca (AL). O empate beneficia os cuiabanos.<\/p>\n<p>Os catarinenses quase abriram o marcador no primeiro minuto, em chute do volante Oberdan, que parou na trave. Aos poucos, o Lagarto equilibrou as a\u00e7\u00f5es, sendo mais presente no ataque durante a etapa final. O time anfitri\u00e3o, por\u00e9m, pecou na finaliza\u00e7\u00e3o. Aos 40 minutos, o atacante Daniel acertou o travess\u00e3o, na melhor e \u00faltima\u00a0oportunidade dos sergipanos na partida.<\/p>\n<h2>Copa do Brasil<\/h2>\n<p>Outros dois confrontos movimentam o primeiro dia da Copa do Brasil. A URT recebe o Ava\u00ed no Est\u00e1dio Zama Maciel, em Patos de Minas (MG), \u00e0s 19h. Na sequ\u00eancia, \u00e0s 21h, o FC Cascavel encara a Ponte Preta no Est\u00e1dio Ol\u00edmpico Regional, em Cascavel (PR). Ava\u00ed e Ponte t\u00eam a vantagem do empate nos duelos.<\/p>\n<p>Dos 80 times que iniciam a competi\u00e7\u00e3o, 20\u00a0chegar\u00e3o \u00e0 terceira fase, est\u00e1gio em que entram na disputa os clubes que est\u00e3o na Libertadores (Am\u00e9rica-MG, Athletico-PR, Atl\u00e9tico-MG, Red Bull Bragantino, Corinthians, Flamengo, Fluminense, Fortaleza e Palmeiras) e os campe\u00f5es da S\u00e9rie B (Botafogo) e das Copas do Nordeste (Bahia) e Verde (Remo) do ano passado. Tamb\u00e9m a partir da terceira fase, os confrontos\u00a0ter\u00e3o jogos de ida e volta.<\/p>\n<p>Fonte: Ag\u00eancia Brasil<\/p>\n","protected":false},"excerpt":{"rendered":"<p>O Figueirense \u00e9 o primeiro time classificado \u00e0\u00a0segunda\u00a0fase da Copa do Brasil. Nesta\u00a0ter\u00e7a-feira (22), o Alvinegro n\u00e3o saiu do zero com o Lagarto no Est\u00e1dio Paulo Barreto de Menezes (Barret\u00e3o), em Lagarto (SE). Os catarinenses se beneficiaram pelo regulamento\u00a0indicar que o clube mais bem\u00a0colocado no\u00a0ranking\u00a0da Confedera\u00e7\u00e3o Brasileira de Futebol (CBF) tem a vantagem do empate [&hellip;]<\/p>\n","protected":false},"author":246,"featured_media":195419,"comment_status":"closed","ping_status":"closed","sticky":false,"template":"","format":"standard","meta":{"footnotes":""},"categories":[436,257,439],"tags":[],"class_list":["post-195418","post","type-post","status-publish","format-standard","has-post-thumbnail","hentry","category-destaque-da-semana","category-esporte","category-ultima-hora"],"_links":{"self":[{"href":"https:\/\/diarioregionaldigital.com.br\/index.php?rest_route=\/wp\/v2\/posts\/195418","targetHints":{"allow":["GET"]}}],"collection":[{"href":"https:\/\/diarioregionaldigital.com.br\/index.php?rest_route=\/wp\/v2\/posts"}],"about":[{"href":"https:\/\/diarioregionaldigital.com.br\/index.php?rest_route=\/wp\/v2\/types\/post"}],"author":[{"embeddable":true,"href":"https:\/\/diarioregionaldigital.com.br\/index.php?rest_route=\/wp\/v2\/users\/246"}],"replies":[{"embeddable":true,"href":"https:\/\/diarioregionaldigital.com.br\/index.php?rest_route=%2Fwp%2Fv2%2Fcomments&post=195418"}],"version-history":[{"count":1,"href":"https:\/\/diarioregionaldigital.com.br\/index.php?rest_route=\/wp\/v2\/posts\/195418\/revisions"}],"predecessor-version":[{"id":195420,"href":"https:\/\/diarioregionaldigital.com.br\/index.php?rest_route=\/wp\/v2\/posts\/195418\/revisions\/195420"}],"wp:featuredmedia":[{"embeddable":true,"href":"https:\/\/diarioregionaldigital.com.br\/index.php?rest_route=\/wp\/v2\/media\/195419"}],"wp:attachment":[{"href":"https:\/\/diarioregionaldigital.com.br\/index.php?rest_route=%2Fwp%2Fv2%2Fmedia&parent=195418"}],"wp:term":[{"taxonomy":"category","embeddable":true,"href":"https:\/\/diarioregionaldigital.com.br\/index.php?rest_route=%2Fwp%2Fv2%2Fcategories&post=195418"},{"taxonomy":"post_tag","embeddable":true,"href":"https:\/\/diarioregionaldigital.com.br\/index.php?rest_route=%2Fwp%2Fv2%2Ftags&post=195418"}],"curies":[{"name":"wp","href":"https:\/\/api.w.org\/{rel}","templated":true}]}}