{"id":195400,"date":"2022-02-23T14:00:00","date_gmt":"2022-02-23T17:00:00","guid":{"rendered":"https:\/\/diarioregionaldigital.com.br\/?p=195400"},"modified":"2022-02-23T14:00:00","modified_gmt":"2022-02-23T17:00:00","slug":"restaura-minas-vai-destinar-r-5-milhoes-para-reformas-emergenciais-em-bens-tombados-no-estado","status":"publish","type":"post","link":"https:\/\/diarioregionaldigital.com.br\/?p=195400","title":{"rendered":"Restaura Minas vai destinar R$ 5 milh\u00f5es para reformas emergenciais em bens tombados no estado"},"content":{"rendered":"<p>Com a proposta de garantir mais prote\u00e7\u00e3o ao patrim\u00f4nio hist\u00f3rico de Minas Gerais, o\u00a0<a href=\"http:\/\/www.mg.gov.br\/\" target=\"_blank\" rel=\"noopener noreferrer\" data-auth=\"NotApplicable\" data-linkindex=\"0\">Governo de Minas Gerais<\/a>\u00a0apresentou, nessa ter\u00e7a-feira (22\/2), em Tiradentes, o Edital Calhas e Telhados \u2013 Programa Restaura Minas. A iniciativa vai destinar R$ 5 milh\u00f5es em incentivo a projetos voltados a reformas emergenciais de calhas e telhados de edif\u00edcios municipais tombados.<\/p>\n<p>Parte integrante do Programa Restaura Minas, executado pela que destinar\u00e1 recursos estaduais para a\u00e7\u00f5es de infraestrutura e suporte a pessoas e cidades afetadas pelos fortes temporais no estado, o edital \u00e9 viabilizado com recursos do Fundo Estadual de Cultura (FEC) e vai premiar at\u00e9 25 propostas com R$ 200 mil (brutos) para obras em pr\u00e9dios e edif\u00edcios tombados em n\u00edvel municipal, estadual ou federal.<\/p>\n<p>De acordo com o secret\u00e1rio de Estado de Cultura e Turismo, Le\u00f4nidas Oliveira, a iniciativa \u00e9 mais uma a\u00e7\u00e3o da\u00a0<a href=\"https:\/\/www.secult.mg.gov.br\/\" target=\"_blank\" rel=\"noopener noreferrer\" data-auth=\"NotApplicable\" data-linkindex=\"1\">Secretaria de Estado de Cultura e Turismo (Secult)<\/a>\u00a0para preservar a paisagem cultural e salvaguardar o patrim\u00f4nio hist\u00f3rico de Minas Gerais.<\/p>\n<p>\u201cProteger nosso patrim\u00f4nio hist\u00f3rico significa proteger a mineiridade na sua ess\u00eancia e na sua forma mais profunda, e \u00e9 senha para o futuro. O Restaura Minas, que lan\u00e7amos h\u00e1 cerca de um m\u00eas, \u00e9 um pacote de medidas em que teremos, por exemplo, R$ 36 milh\u00f5es para as encostas de Ouro Preto, e j\u00e1 est\u00e3o sendo feitos projetos executivos pela prefeitura da cidade, em conv\u00eanio com Governo do Estado e governo federal; temos este edital que lan\u00e7amos, o Calhas e Telhados, no valor de R$ 5 milh\u00f5es, para a consolida\u00e7\u00e3o dos bens tombados; e vamos lan\u00e7ar mais um de R$ 5 milh\u00f5es, para restaura\u00e7\u00e3o de talhas e imagens, visando a preven\u00e7\u00e3o da infesta\u00e7\u00e3o de cupins\u201d, disse o secret\u00e1rio.<\/p>\n<p>Em breve, o documento ser\u00e1 publicado no\u00a0<a href=\"http:\/\/www.jornalminasgerais.mg.gov.br\/\" target=\"_blank\" rel=\"noopener noreferrer\" data-auth=\"NotApplicable\" data-linkindex=\"2\">Di\u00e1rio Oficial do Estado<\/a>\u00a0e estar\u00e1 dispon\u00edvel para consulta no site da secretaria, na aba\u00a0<a href=\"https:\/\/www.secult.mg.gov.br\/documentos\/fundo-estadual-de-cultura-fec\" target=\"_blank\" rel=\"noopener noreferrer\" data-auth=\"NotApplicable\" data-linkindex=\"3\">\u201cEditais e documentos \u2013 editais FEC<u>\u201d<\/u><\/a>. As inscri\u00e7\u00f5es poder\u00e3o ser realizadas por meio da\u00a0<a href=\"http:\/\/200.198.28.211\/incentivo\/\" target=\"_blank\" rel=\"noopener noreferrer\" data-auth=\"NotApplicable\" data-linkindex=\"4\">Plataforma Digital de Fomento e Incentivo \u00e0 Cultura da Secult<\/a>. A \u00edntegra da transmiss\u00e3o da solenidade de apresenta\u00e7\u00e3o do edital pode ser conferida\u00a0<a href=\"https:\/\/www.youtube.com\/watch?v=0XMhaj695sg\" target=\"_blank\" rel=\"noopener noreferrer\" data-auth=\"NotApplicable\" data-linkindex=\"5\">aqui<\/a>.<\/p>\n<p><strong>Munic\u00edpios\u00a0\u00a0<\/strong><\/p>\n<p>O Edital \u201cCalhas e Telhados \u2013 Programa Restaura Minas\u201d \u00e9 voltado a prefeituras e institui\u00e7\u00f5es p\u00fablicas (pessoas jur\u00eddicas sem fins lucrativos) de natureza cultural vinculadas \u00e0s administra\u00e7\u00f5es municipais.<\/p>\n<p>\u201cO sistema tem import\u00e2ncia vital para o patrim\u00f4nio. Uma, que \u00e9 a t\u00e9cnica, que projete o bem. Outra parte \u00e9 como esse sistema marca a nossa paisagem, e a paisagem das cidades barrocas\u201d, destacou presidente do\u00a0<a href=\"http:\/\/www.iepha.mg.gov.br\/\" target=\"_blank\" rel=\"noopener noreferrer\" data-auth=\"NotApplicable\" data-linkindex=\"6\">Instituto Estadual do Patrim\u00f4nio Hist\u00f3rico e Art\u00edstico de Minas Gerais (Iepha-MG)<\/a>, Felipe Pires.<\/p>\n<p>O Programa Restaura Minas foi lan\u00e7ado em janeiro pelo\u00a0<a href=\"https:\/\/www.mg.gov.br\/\" target=\"_blank\" rel=\"noopener noreferrer\" data-auth=\"NotApplicable\" data-linkindex=\"7\">Governo de Minas<\/a>, por meio da Secult, em janeiro, na cidade de Ouro Preto. Ser\u00e3o destinados R$ 118 milh\u00f5es para a recupera\u00e7\u00e3o e prote\u00e7\u00e3o do Patrim\u00f4nio Hist\u00f3rico em todo o estado. A iniciativa prev\u00ea restaura\u00e7\u00f5es, recupera\u00e7\u00e3o e melhorias em casar\u00f5es, capelas, igrejas e outros im\u00f3veis, p\u00fablicos ou privados, em todo o territ\u00f3rio mineiro.<\/p>\n<p>A solenidade contou com a participa\u00e7\u00e3o do subsecret\u00e1rio de Cultura, Igor Arci, do presidente da\u00a0<a href=\"https:\/\/www.mg.gov.br\/instituicao_unidade\/empresa-mineira-de-comunicacao-emc\" target=\"_blank\" rel=\"noopener noreferrer\" data-auth=\"NotApplicable\" data-linkindex=\"8\">Empresa Mineira de Comunica\u00e7\u00e3o<\/a>, S\u00e9rgio Rodrigo Reis, do presidente da\u00a0<a href=\"http:\/\/www.faop.mg.gov.br\/\" target=\"_blank\" rel=\"noopener noreferrer\" data-auth=\"NotApplicable\" data-linkindex=\"9\">Funda\u00e7\u00e3o de Arte de Ouro Preto (Faop),<\/a>\u00a0Jefferson da Fonseca, do secret\u00e1rio de Turismo de Tiradentes, Christian Silveira, al\u00e9m de representantes do poder municipal e outros convidados e autoridades.<\/p>\n<p>Fonte: Ag\u00eancia Minas<\/p>\n","protected":false},"excerpt":{"rendered":"<p>Com a proposta de garantir mais prote\u00e7\u00e3o ao patrim\u00f4nio hist\u00f3rico de Minas Gerais, o\u00a0Governo de Minas Gerais\u00a0apresentou, nessa ter\u00e7a-feira (22\/2), em Tiradentes, o Edital Calhas e Telhados \u2013 Programa Restaura Minas. A iniciativa vai destinar R$ 5 milh\u00f5es em incentivo a projetos voltados a reformas emergenciais de calhas e telhados de edif\u00edcios municipais tombados. Parte [&hellip;]<\/p>\n","protected":false},"author":246,"featured_media":195401,"comment_status":"closed","ping_status":"closed","sticky":false,"template":"","format":"standard","meta":{"footnotes":""},"categories":[436,254,439],"tags":[],"class_list":["post-195400","post","type-post","status-publish","format-standard","has-post-thumbnail","hentry","category-destaque-da-semana","category-politica","category-ultima-hora"],"_links":{"self":[{"href":"https:\/\/diarioregionaldigital.com.br\/index.php?rest_route=\/wp\/v2\/posts\/195400","targetHints":{"allow":["GET"]}}],"collection":[{"href":"https:\/\/diarioregionaldigital.com.br\/index.php?rest_route=\/wp\/v2\/posts"}],"about":[{"href":"https:\/\/diarioregionaldigital.com.br\/index.php?rest_route=\/wp\/v2\/types\/post"}],"author":[{"embeddable":true,"href":"https:\/\/diarioregionaldigital.com.br\/index.php?rest_route=\/wp\/v2\/users\/246"}],"replies":[{"embeddable":true,"href":"https:\/\/diarioregionaldigital.com.br\/index.php?rest_route=%2Fwp%2Fv2%2Fcomments&post=195400"}],"version-history":[{"count":1,"href":"https:\/\/diarioregionaldigital.com.br\/index.php?rest_route=\/wp\/v2\/posts\/195400\/revisions"}],"predecessor-version":[{"id":195402,"href":"https:\/\/diarioregionaldigital.com.br\/index.php?rest_route=\/wp\/v2\/posts\/195400\/revisions\/195402"}],"wp:featuredmedia":[{"embeddable":true,"href":"https:\/\/diarioregionaldigital.com.br\/index.php?rest_route=\/wp\/v2\/media\/195401"}],"wp:attachment":[{"href":"https:\/\/diarioregionaldigital.com.br\/index.php?rest_route=%2Fwp%2Fv2%2Fmedia&parent=195400"}],"wp:term":[{"taxonomy":"category","embeddable":true,"href":"https:\/\/diarioregionaldigital.com.br\/index.php?rest_route=%2Fwp%2Fv2%2Fcategories&post=195400"},{"taxonomy":"post_tag","embeddable":true,"href":"https:\/\/diarioregionaldigital.com.br\/index.php?rest_route=%2Fwp%2Fv2%2Ftags&post=195400"}],"curies":[{"name":"wp","href":"https:\/\/api.w.org\/{rel}","templated":true}]}}