{"id":195388,"date":"2022-02-23T13:52:01","date_gmt":"2022-02-23T16:52:01","guid":{"rendered":"https:\/\/diarioregionaldigital.com.br\/?p=195388"},"modified":"2022-02-23T13:52:01","modified_gmt":"2022-02-23T16:52:01","slug":"consumo-aparente-de-bens-industriais-cresceu-2-em-dezembro-de-2021","status":"publish","type":"post","link":"https:\/\/diarioregionaldigital.com.br\/?p=195388","title":{"rendered":"Consumo aparente de bens industriais cresceu 2% em dezembro de 2021"},"content":{"rendered":"<p>O Indicador Ipea Mensal de Consumo Aparente de Bens Industriais registrou crescimento de 2% em dezembro de 2021 na compara\u00e7\u00e3o com novembro, na s\u00e9rie com ajuste sazonal. Entre os componentes do consumo aparente, enquanto a produ\u00e7\u00e3o interna destinada ao mercado nacional avan\u00e7ou 2,1% em dezembro, as importa\u00e7\u00f5es de bens industriais apresentaram queda de 1,6% no \u00faltimo m\u00eas do ano.<img decoding=\"async\" src=\"https:\/\/agenciabrasil.ebc.com.br\/ebc.png?id=1444249&amp;o=node\" \/><img decoding=\"async\" src=\"https:\/\/agenciabrasil.ebc.com.br\/ebc.gif?id=1444249&amp;o=node\" \/><\/p>\n<p>Os dados foram divulgado\u00a0hoje\u00a0(23) pelo Instituto de Pesquisa Econ\u00f4mica Aplicada (Ipea).<\/p>\n<p>Na compara\u00e7\u00e3o com dezembro de 2020, o indicador teve queda de 1,7%. No acumulado em 12 meses, encerrou o ano de 2021 com alta de 7,2%. No quarto trimestre m\u00f3vel do ano, o indicador que mede a demanda interna por bens industriais \u2013 por meio da produ\u00e7\u00e3o industrial interna n\u00e3o exportada, acrescida das importa\u00e7\u00f5es \u2013 retrocedeu 2,6%.<\/p>\n<p>Segundo o Ipea, na an\u00e1lise das grandes categorias econ\u00f4micas, todos os segmentos apresentaram crescimento, com exce\u00e7\u00e3o do\u00a0segmento de bens de\u00a0consumo\u00a0semi e n\u00e3o dur\u00e1veis\u00a0que registrou queda de 0,7%. O segmento de bens de\u00a0capital\u00a0destacou-se positivamente: alta de 8,4%. Na compara\u00e7\u00e3o interanual, todos os segmentos registraram queda, com exce\u00e7\u00e3o dos bens intermedi\u00e1rios, que avan\u00e7aram 0,4%.<\/p>\n<p>\u201cEm rela\u00e7\u00e3o \u00e0s classes de produ\u00e7\u00e3o, a demanda interna por bens da ind\u00fastria de transforma\u00e7\u00e3o avan\u00e7ou 1,9% em dezembro, enquanto o crescimento da extrativa mineral foi de 0,3%, ap\u00f3s forte alta de 27,9% no per\u00edodo anterior. A an\u00e1lise setorial mostra que 13 dos 22 segmentos apresentaram varia\u00e7\u00e3o positiva. O destaque ficou por conta do segmento de ve\u00edculos, com alta de 20,3% na margem. Na compara\u00e7\u00e3o interanual, cinco segmentos registraram crescimento, com destaque para petr\u00f3leo e derivados e produtos qu\u00edmicos, com altas de 8,8% e 2,4%, respectivamente\u201d, diz o Ipea.<\/p>\n<p>Fonte: Ag\u00eancia Brasil<\/p>\n","protected":false},"excerpt":{"rendered":"<p>O Indicador Ipea Mensal de Consumo Aparente de Bens Industriais registrou crescimento de 2% em dezembro de 2021 na compara\u00e7\u00e3o com novembro, na s\u00e9rie com ajuste sazonal. Entre os componentes do consumo aparente, enquanto a produ\u00e7\u00e3o interna destinada ao mercado nacional avan\u00e7ou 2,1% em dezembro, as importa\u00e7\u00f5es de bens industriais apresentaram queda de 1,6% no [&hellip;]<\/p>\n","protected":false},"author":246,"featured_media":195389,"comment_status":"closed","ping_status":"closed","sticky":false,"template":"","format":"standard","meta":{"footnotes":""},"categories":[436,261,439],"tags":[],"class_list":["post-195388","post","type-post","status-publish","format-standard","has-post-thumbnail","hentry","category-destaque-da-semana","category-economia","category-ultima-hora"],"_links":{"self":[{"href":"https:\/\/diarioregionaldigital.com.br\/index.php?rest_route=\/wp\/v2\/posts\/195388","targetHints":{"allow":["GET"]}}],"collection":[{"href":"https:\/\/diarioregionaldigital.com.br\/index.php?rest_route=\/wp\/v2\/posts"}],"about":[{"href":"https:\/\/diarioregionaldigital.com.br\/index.php?rest_route=\/wp\/v2\/types\/post"}],"author":[{"embeddable":true,"href":"https:\/\/diarioregionaldigital.com.br\/index.php?rest_route=\/wp\/v2\/users\/246"}],"replies":[{"embeddable":true,"href":"https:\/\/diarioregionaldigital.com.br\/index.php?rest_route=%2Fwp%2Fv2%2Fcomments&post=195388"}],"version-history":[{"count":1,"href":"https:\/\/diarioregionaldigital.com.br\/index.php?rest_route=\/wp\/v2\/posts\/195388\/revisions"}],"predecessor-version":[{"id":195390,"href":"https:\/\/diarioregionaldigital.com.br\/index.php?rest_route=\/wp\/v2\/posts\/195388\/revisions\/195390"}],"wp:featuredmedia":[{"embeddable":true,"href":"https:\/\/diarioregionaldigital.com.br\/index.php?rest_route=\/wp\/v2\/media\/195389"}],"wp:attachment":[{"href":"https:\/\/diarioregionaldigital.com.br\/index.php?rest_route=%2Fwp%2Fv2%2Fmedia&parent=195388"}],"wp:term":[{"taxonomy":"category","embeddable":true,"href":"https:\/\/diarioregionaldigital.com.br\/index.php?rest_route=%2Fwp%2Fv2%2Fcategories&post=195388"},{"taxonomy":"post_tag","embeddable":true,"href":"https:\/\/diarioregionaldigital.com.br\/index.php?rest_route=%2Fwp%2Fv2%2Ftags&post=195388"}],"curies":[{"name":"wp","href":"https:\/\/api.w.org\/{rel}","templated":true}]}}