{"id":195283,"date":"2022-02-21T14:53:40","date_gmt":"2022-02-21T17:53:40","guid":{"rendered":"https:\/\/diarioregionaldigital.com.br\/?p=195283"},"modified":"2022-02-21T14:53:40","modified_gmt":"2022-02-21T17:53:40","slug":"estado-distribui-quase-130-mil-imunizantes-pediatricos-contra-covid-19","status":"publish","type":"post","link":"https:\/\/diarioregionaldigital.com.br\/?p=195283","title":{"rendered":"Estado distribui quase 130 mil imunizantes pedi\u00e1tricos contra covid-19"},"content":{"rendered":"<p>O\u00a0<a href=\"https:\/\/www.mg.gov.br\/\">Governo de Minas Gerais<\/a>\u00a0recebeu, nesta sexta-feira (18\/2), um total de 129.650 doses de imunizante da Pfizer para a vacina\u00e7\u00e3o infantil contra a covid-19. O quantitativo ser\u00e1 destinado \u00e0 aplica\u00e7\u00e3o de primeira dose (D1) para crian\u00e7as de 6 a 11 anos de idade.<\/p>\n<p>A distribui\u00e7\u00e3o das doses da vacina da Pfizer pedi\u00e1trica para as Unidades Regionais de Sa\u00fade come\u00e7ou\u00a0ainda nesta sexta-feira.<\/p>\n<p>Na pr\u00f3xima ter\u00e7a-feira (22\/2), est\u00e1 prevista a entrega ao Estado de Minas Gerais de mais 298 mil unidades de imunizantes da CoronaVac, por via terrestre. Esse quantitativo deve ser administrado como primeira e segunda doses (D1 e D2) em crian\u00e7as com idade entre 6 e 11 anos, exceto imunocomprometidos.<\/p>\n<p>Ambas as entregas fazem parte da 89\u00aa pauta de distribui\u00e7\u00e3o do Minist\u00e9rio da Sa\u00fade.<\/p>\n<p>At\u00e9 o momento, o Governo de Minas Gerais j\u00e1 vacinou 673.539 crian\u00e7as contra a covid. Ao todo, j\u00e1 foram administradas mais de 39,4 milh\u00f5es de doses de imunizantes na popula\u00e7\u00e3o com mais de 5 anos de idade.<\/p>\n<blockquote><p><em><a href=\"https:\/\/www.agenciaminas.mg.gov.br\/ckeditor_assets\/attachments\/13310\/lote_89_-_7_remessa_pediatrica_180222.xlsx\" target=\"_blank\" rel=\"noopener\">Clique aqui<\/a>\u00a0para verificar a quantidade de doses destinadas a cada munic\u00edpio mineiro do 89\u00ba lote de Pfizer pedi\u00e1trica.<\/em><\/p><\/blockquote>\n<p>&nbsp;<\/p>\n<p><strong>Confira o cronograma de distribui\u00e7\u00e3o de doses para as Unidades Regionais de Sa\u00fade (hor\u00e1rio previsto de retirada na Central Estadual da Rede de Frio):<\/strong><\/p>\n<p>&nbsp;<\/p>\n<p><strong>Sexta-feira (18\/2)<\/strong><\/p>\n<p>SRS Uberl\u00e2ndia, SRS Ituiutaba e GRS Uberaba &#8211; 13h<\/p>\n<p>SRS Varginha &#8211; 13h20<\/p>\n<p>SRS Barbacena &#8211; 13h30<\/p>\n<p>Munic\u00edpio de Belo Horizonte &#8211; 13h40<\/p>\n<p>SRS Belo Horizonte: 14h<\/p>\n<p>&nbsp;<\/p>\n<p><strong>Segunda-feira (21\/2)\u00a0\u00a0<\/strong><\/p>\n<p>GRS Pirapora &#8211; 8h<\/p>\n<p>SRS Alfenas &#8211; 8h20<\/p>\n<p>GRS Itabira &#8211; 8h40<\/p>\n<p>GRS S\u00e3o Jo\u00e3o Del Rei &#8211; 9h<\/p>\n<p>Sete Lagoas &#8211; 9h<\/p>\n<p>SRS Divin\u00f3polis &#8211; 10h<\/p>\n<p>SRS Diamantina &#8211; 11h<\/p>\n<p>&nbsp;<\/p>\n<p><strong>Ter\u00e7a-feira (22\/2)<\/strong><\/p>\n<p>GRS Pedra Azul &#8211; 7h30<\/p>\n<p>GRS Una\u00ed &#8211; 7h50<\/p>\n<p>SRS Patos de Minas &#8211; 8h10<\/p>\n<p>SRS Pouso Alegre &#8211; 8h30<\/p>\n<p>GRS Ub\u00e1, GRS Leopoldina e SRS Juiz de Fora &#8211; 8h50<\/p>\n<p>SRS Governador Valadares &#8211; 9h30<\/p>\n<p>SRS Ponte Nova e SRS Manhua\u00e7u &#8211; 11h<\/p>\n<p>&nbsp;<\/p>\n<p><strong>Quarta-feira (23\/2)<\/strong><\/p>\n<p>SRS Coronel Fabriciano &#8211; 8h<\/p>\n<p>&nbsp;<\/p>\n<p><strong>Quinta-feira (24\/2)<\/strong><\/p>\n<p>GRS Janu\u00e1ria &#8211; 7h30<\/p>\n<p>SRS Te\u00f3filo Otoni &#8211; 8h<\/p>\n<p>SRS Montes Claros &#8211; 8h20<\/p>\n<p>SRS Passos &#8211; 9h<\/p>\n<p>Fonte: Ag\u00eancia Minas<\/p>\n","protected":false},"excerpt":{"rendered":"<p>O\u00a0Governo de Minas Gerais\u00a0recebeu, nesta sexta-feira (18\/2), um total de 129.650 doses de imunizante da Pfizer para a vacina\u00e7\u00e3o infantil contra a covid-19. O quantitativo ser\u00e1 destinado \u00e0 aplica\u00e7\u00e3o de primeira dose (D1) para crian\u00e7as de 6 a 11 anos de idade. A distribui\u00e7\u00e3o das doses da vacina da Pfizer pedi\u00e1trica para as Unidades Regionais [&hellip;]<\/p>\n","protected":false},"author":246,"featured_media":195284,"comment_status":"closed","ping_status":"closed","sticky":false,"template":"","format":"standard","meta":{"footnotes":""},"categories":[436,254,439],"tags":[],"class_list":["post-195283","post","type-post","status-publish","format-standard","has-post-thumbnail","hentry","category-destaque-da-semana","category-politica","category-ultima-hora"],"_links":{"self":[{"href":"https:\/\/diarioregionaldigital.com.br\/index.php?rest_route=\/wp\/v2\/posts\/195283","targetHints":{"allow":["GET"]}}],"collection":[{"href":"https:\/\/diarioregionaldigital.com.br\/index.php?rest_route=\/wp\/v2\/posts"}],"about":[{"href":"https:\/\/diarioregionaldigital.com.br\/index.php?rest_route=\/wp\/v2\/types\/post"}],"author":[{"embeddable":true,"href":"https:\/\/diarioregionaldigital.com.br\/index.php?rest_route=\/wp\/v2\/users\/246"}],"replies":[{"embeddable":true,"href":"https:\/\/diarioregionaldigital.com.br\/index.php?rest_route=%2Fwp%2Fv2%2Fcomments&post=195283"}],"version-history":[{"count":1,"href":"https:\/\/diarioregionaldigital.com.br\/index.php?rest_route=\/wp\/v2\/posts\/195283\/revisions"}],"predecessor-version":[{"id":195285,"href":"https:\/\/diarioregionaldigital.com.br\/index.php?rest_route=\/wp\/v2\/posts\/195283\/revisions\/195285"}],"wp:featuredmedia":[{"embeddable":true,"href":"https:\/\/diarioregionaldigital.com.br\/index.php?rest_route=\/wp\/v2\/media\/195284"}],"wp:attachment":[{"href":"https:\/\/diarioregionaldigital.com.br\/index.php?rest_route=%2Fwp%2Fv2%2Fmedia&parent=195283"}],"wp:term":[{"taxonomy":"category","embeddable":true,"href":"https:\/\/diarioregionaldigital.com.br\/index.php?rest_route=%2Fwp%2Fv2%2Fcategories&post=195283"},{"taxonomy":"post_tag","embeddable":true,"href":"https:\/\/diarioregionaldigital.com.br\/index.php?rest_route=%2Fwp%2Fv2%2Ftags&post=195283"}],"curies":[{"name":"wp","href":"https:\/\/api.w.org\/{rel}","templated":true}]}}