{"id":195280,"date":"2022-02-21T14:50:38","date_gmt":"2022-02-21T17:50:38","guid":{"rendered":"https:\/\/diarioregionaldigital.com.br\/?p=195280"},"modified":"2022-02-21T14:50:38","modified_gmt":"2022-02-21T17:50:38","slug":"governo-de-minas-anuncia-pacote-de-obras-para-estradas-do-triangulo-mineiro","status":"publish","type":"post","link":"https:\/\/diarioregionaldigital.com.br\/?p=195280","title":{"rendered":"Governo de Minas anuncia pacote de obras para estradas do Tri\u00e2ngulo Mineiro"},"content":{"rendered":"<p>O governador Romeu Zema anunciou, nesta sexta-feira (18\/2), em Uberl\u00e2ndia, no Tri\u00e2ngulo Mineiro, o in\u00edcio de tr\u00eas importantes obras na regi\u00e3o que somam mais de R$ 100 milh\u00f5es. As interven\u00e7\u00f5es est\u00e3o previstas para come\u00e7ar em mar\u00e7o e fazem parte de um pacote de obras para o Tri\u00e2ngulo que pode ultrapassar R$ 324 milh\u00f5es para a recupera\u00e7\u00e3o de trechos.<\/p>\n<p>O an\u00fancio se soma ao leil\u00e3o do lote 1 do Programa de Concess\u00f5es Rodovi\u00e1rias, que contempla o Tri\u00e2ngulo Mineiro e est\u00e1 previsto para ocorrer em 18 de mar\u00e7o. A iniciativa trar\u00e1 importantes conquistas para a regi\u00e3o, como a pavimenta\u00e7\u00e3o da CMG-462, antiga demanda local. Al\u00e9m disso, 67,8 quil\u00f4metros\u00a0da BR-365 ganhar\u00e3o uma faixa adicional e a rodovia ter\u00e1 mais de 11 quil\u00f4metros duplicados, assim como a constru\u00e7\u00e3o de pontes, rotat\u00f3rias, travessias de pedestres, entre outras medidas nos trechos inclu\u00eddos na concess\u00e3o.<\/p>\n<p>Durante o an\u00fancio, Zema explicou que o Programa de Concess\u00f5es dar\u00e1 condi\u00e7\u00f5es para que muitas rodovias em situa\u00e7\u00e3o\u00a0prec\u00e1ria sejam recuperadas no curto prazo e afirmou que os recursos que o estado arrecadar ser\u00e3o reinvestidos em melhorias de outras vias. \u201cEnt\u00e3o, vamos come\u00e7ar um c\u00edrculo virtuoso, porque esse \u00e9 o primeiro de sete lotes\u201d, disse.<\/p>\n<p>O governador lembrou que assim que iniciou os trabalhos \u00e0 frente do Estado foi preciso arrumar a casa para equilibrar as contas. \u201cHoje, j\u00e1 colocamos o trem em cima dos trilhos e, agora, depois de muito sacrif\u00edcio, e principalmente devido ao acordo da trag\u00e9dia de Brumadinho, temos condi\u00e7\u00f5es de fazer alguns investimentos\u201d, lembrou.<\/p>\n<p><strong>Planejamento<\/strong><\/p>\n<p>O secret\u00e1rio de Estado de\u00a0<a href=\"http:\/\/www.infraestrutura.mg.gov.br\/\" target=\"_blank\" rel=\"noopener\">Infraestrutura e Mobilidade<\/a>, Fernando Marcato, lembrou que um dos grandes dramas do Brasil \u00e9 o investimento em infraestrutura. Marcato explicou que para anunciar investimentos como o da regi\u00e3o de Uberl\u00e2ndia foi preciso um trabalho de planejamento.<\/p>\n<p>\u201cEsse planejamento s\u00f3 foi poss\u00edvel porque no in\u00edcio de 2020, quando havia uma perspectiva de fechar o Acordo de Repara\u00e7\u00e3o com a Vale, o governador me pediu que programasse e projetasse um plano de investimentos em rodovias para o estado\u201d, explicou.<\/p>\n<p><strong>Pacote de obras<\/strong><\/p>\n<p>As obras de recupera\u00e7\u00e3o funcional que ser\u00e3o iniciadas em mar\u00e7o ocorrer\u00e3o na MGC-497, no entroncamento da BR-365\/452 em Uberl\u00e2ndia com a BR-153 em Prata, em 78 quil\u00f4metros de extens\u00e3o, somando R$ 38,84 milh\u00f5es. Outro trecho \u00e9 na MG-190, em 58 quil\u00f4metros no per\u00edmetro urbano de Abadia dos Dourados e o entroncamento da BR-365 no sentido Uberl\u00e2ndia, totalizando R$ 40,2 milh\u00f5es.<\/p>\n<p>Tamb\u00e9m em mar\u00e7o, dever\u00e1 ser iniciada obra em 92 quil\u00f4metros da MG-255, entre Itapagipe e Iturama, com investimentos de R$ 23,22 milh\u00f5es.<\/p>\n<p>Os recursos ser\u00e3o disponibilizados a partir do\u00a0<a href=\"https:\/\/www.agenciaminas.mg.gov.br\/sala-de-imprensa\/brumadinho-acordo-historico-e-conteudo-relacionado\" target=\"_blank\" rel=\"noopener\">Termo de Medidas de Repara\u00e7\u00e3o de Brumadinho<\/a>. O acordo judicial visa reparar os danos decorrentes do rompimento das barragens da Vale na cidade, que tirou a vida de 272 pessoas e gerou uma s\u00e9rie de impactos sociais, ambientais e econ\u00f4micos na bacia do Rio Paraopeba e em todo o estado de Minas Gerais.<\/p>\n<p><strong>Outras interven\u00e7\u00f5es<\/strong><\/p>\n<p>Ao longo do ano, outras 18 interven\u00e7\u00f5es dever\u00e3o ocorrer no Tri\u00e2ngulo Mineiro. Os trechos aguardam licita\u00e7\u00e3o para obra ou est\u00e3o com projetos em andamento, representando mais de 40% da malha da regi\u00e3o recuperada por meio de obras do\u00a0<a href=\"http:\/\/www.der.mg.gov.br\/\" target=\"_blank\" rel=\"noopener\">Departamento\u00a0de Edifica\u00e7\u00f5es e\u00a0Estradas de Rodagem\u00a0de\u00a0Minas Gerais\u00a0(DER-MG)<\/a>.<\/p>\n<p>H\u00e1, ainda, outros R$ 83 milh\u00f5es previstos para quatro obras de pavimenta\u00e7\u00e3o em mais de 67 quil\u00f4metros de rodovias, com recursos do Tesouro ou financiamento externo, como BNDES. As obras est\u00e3o em licita\u00e7\u00e3o ou com projeto em andamento.<\/p>\n<p><strong>Programa de concess\u00f5es<\/strong><\/p>\n<p>O Lote Tri\u00e2ngulo Mineiro do programa de concess\u00f5es da Secretaria de Estado de Infraestrutura e Mobilidade dever\u00e1 ser concedido por 30 anos, com investimentos de R$ 2,4 bilh\u00f5es.<\/p>\n<p>Nove rodovias ser\u00e3o beneficiadas, sendo elas: CMG-452, BR-365, LMG-812, MG-190, LMG-782, LMG-798, CMG-462, BR-452, MG-427.<\/p>\n<p>O edital para a concess\u00e3o de 627,4 quil\u00f4metros de extens\u00e3o de rodovias foi publicado em dezembro de 2021 e o deve leil\u00e3o ocorrer em mar\u00e7o de 2022.<\/p>\n<p>Estiveram presentes na solenidade os deputados Aelton Freitas, Franco Cartafina, Arnaldo Silva, Bosco, Leon\u00eddio Bou\u00e7as, Raul Bel\u00e9m, Lucas Gonzalez e Z\u00e9 V\u00edtor.<\/p>\n<p><main class=\"clear margin-md-bottom-3\"><\/p>\n<div class=\"clear \">\n<p><strong>Vacina\u00e7\u00e3o infantil<\/strong><\/p>\n<p>Ainda em Uberl\u00e2ndia, o governador acompanhou a vacina\u00e7\u00e3o infantil contra a covid-19 na Unidade B\u00e1sica de Sa\u00fade (UBS) Patrim\u00f4nio. Quase 22% das crian\u00e7as entre 5 e 11 anos foram vacinadas no munic\u00edpio.<\/p>\n<p>O Estado registrou, nesta semana, a marca de 30% do p\u00fablico infantil vacinado com a primeira dose da vacina. Cerca de 1,2 milh\u00e3o de doses j\u00e1 foram distribu\u00eddas para os munic\u00edpios mineiros, e mais de 558 mil foram aplicadas em crian\u00e7as de 5 a 11 anos. A estimativa \u00e9 que 1,8 milh\u00e3o de meninos e meninas possam ser vacinados em Minas Gerais.<\/p>\n<p>J\u00e1 em rela\u00e7\u00e3o \u00e0s demais faixas et\u00e1rias, 91% da popula\u00e7\u00e3o j\u00e1 tomou a primeira dose, 89% tomaram a segunda\/\u00fanica e 47% a dose de refor\u00e7o. Minas est\u00e1 entre os estados brasileiros com menor ocupa\u00e7\u00e3o de UTI covid, com aproximadamente 37%. A ocupa\u00e7\u00e3o de leitos de UTI Covid no Tri\u00e2ngulo Mineiro \u00e9 de 28%.<\/p>\n<p>Fonte: Ag\u00eancia Minas<\/p>\n<p>&nbsp;<\/p>\n<\/div>\n<p><\/main><\/p>\n","protected":false},"excerpt":{"rendered":"<p>O governador Romeu Zema anunciou, nesta sexta-feira (18\/2), em Uberl\u00e2ndia, no Tri\u00e2ngulo Mineiro, o in\u00edcio de tr\u00eas importantes obras na regi\u00e3o que somam mais de R$ 100 milh\u00f5es. As interven\u00e7\u00f5es est\u00e3o previstas para come\u00e7ar em mar\u00e7o e fazem parte de um pacote de obras para o Tri\u00e2ngulo que pode ultrapassar R$ 324 milh\u00f5es para a [&hellip;]<\/p>\n","protected":false},"author":246,"featured_media":195281,"comment_status":"closed","ping_status":"closed","sticky":false,"template":"","format":"standard","meta":{"footnotes":""},"categories":[436,440,254,439],"tags":[],"class_list":["post-195280","post","type-post","status-publish","format-standard","has-post-thumbnail","hentry","category-destaque-da-semana","category-destaques-do-dia","category-politica","category-ultima-hora"],"_links":{"self":[{"href":"https:\/\/diarioregionaldigital.com.br\/index.php?rest_route=\/wp\/v2\/posts\/195280","targetHints":{"allow":["GET"]}}],"collection":[{"href":"https:\/\/diarioregionaldigital.com.br\/index.php?rest_route=\/wp\/v2\/posts"}],"about":[{"href":"https:\/\/diarioregionaldigital.com.br\/index.php?rest_route=\/wp\/v2\/types\/post"}],"author":[{"embeddable":true,"href":"https:\/\/diarioregionaldigital.com.br\/index.php?rest_route=\/wp\/v2\/users\/246"}],"replies":[{"embeddable":true,"href":"https:\/\/diarioregionaldigital.com.br\/index.php?rest_route=%2Fwp%2Fv2%2Fcomments&post=195280"}],"version-history":[{"count":1,"href":"https:\/\/diarioregionaldigital.com.br\/index.php?rest_route=\/wp\/v2\/posts\/195280\/revisions"}],"predecessor-version":[{"id":195282,"href":"https:\/\/diarioregionaldigital.com.br\/index.php?rest_route=\/wp\/v2\/posts\/195280\/revisions\/195282"}],"wp:featuredmedia":[{"embeddable":true,"href":"https:\/\/diarioregionaldigital.com.br\/index.php?rest_route=\/wp\/v2\/media\/195281"}],"wp:attachment":[{"href":"https:\/\/diarioregionaldigital.com.br\/index.php?rest_route=%2Fwp%2Fv2%2Fmedia&parent=195280"}],"wp:term":[{"taxonomy":"category","embeddable":true,"href":"https:\/\/diarioregionaldigital.com.br\/index.php?rest_route=%2Fwp%2Fv2%2Fcategories&post=195280"},{"taxonomy":"post_tag","embeddable":true,"href":"https:\/\/diarioregionaldigital.com.br\/index.php?rest_route=%2Fwp%2Fv2%2Ftags&post=195280"}],"curies":[{"name":"wp","href":"https:\/\/api.w.org\/{rel}","templated":true}]}}