{"id":195274,"date":"2022-02-21T14:34:00","date_gmt":"2022-02-21T17:34:00","guid":{"rendered":"https:\/\/diarioregionaldigital.com.br\/?p=195274"},"modified":"2022-02-21T14:34:00","modified_gmt":"2022-02-21T17:34:00","slug":"infraestrutura-dos-emirados-arabes-pode-atrair-empresas-brasileiras","status":"publish","type":"post","link":"https:\/\/diarioregionaldigital.com.br\/?p=195274","title":{"rendered":"Infraestrutura dos Emirados \u00c1rabes pode atrair empresas brasileiras"},"content":{"rendered":"<p>As empresas brasileiras interessadas na exporta\u00e7\u00e3o podem\u00a0encontrar\u00a0no\u00a0Oriente\u00a0M\u00e9dio solu\u00e7\u00f5es de\u00a0log\u00edstica e distribui\u00e7\u00e3o\u00a0de mercadorias para diversos pa\u00edses. Por esse motivo, a Ag\u00eancia Brasileira de Promo\u00e7\u00e3o de Exporta\u00e7\u00f5es e Investimentos (Apex-Brasil) defende o\u00a0aprofundamento das rela\u00e7\u00f5es entre\u00a0as\u00a0na\u00e7\u00f5es.<img decoding=\"async\" src=\"https:\/\/agenciabrasil.ebc.com.br\/ebc.png?id=1443620&amp;o=node\" \/><img decoding=\"async\" src=\"https:\/\/agenciabrasil.ebc.com.br\/ebc.gif?id=1443620&amp;o=node\" \/><\/p>\n<p>Os Emirados \u00c1rabes Unidos, onde est\u00e3o localizados Dubai e Abu Dhabi, transformaram-se, nas \u00faltimas d\u00e9cadas, em um dos maiores centros comerciais mundiais devido \u00e0 larga infraestrutura mar\u00edtima\u00a0na regi\u00e3o do Golfo P\u00e9rsico\u00a0e\u00a0terminais\u00a0a\u00e9reos para carga. Com foco na redistribui\u00e7\u00e3o de mercadorias ao redor do mundo, o pa\u00eds conta com uma zona franca voltada a diversos segmentos econ\u00f4micos.<\/p>\n<p>O embaixador do Brasil nos Emirados \u00c1rabes Unidos, Fernando Igreja,\u00a0destaca a localiza\u00e7\u00e3o privilegiada do\u00a0pa\u00eds\u00a0\u00e1rabe.<\/p>\n<p>\u201cOs Emirados ocupam\u00a0uma posi\u00e7\u00e3o estrat\u00e9gica em termos geogr\u00e1ficos, na entrada do Golfo. S\u00e3o o pa\u00eds, talvez, de maior estabilidade pol\u00edtica e econ\u00f4mica em todo o Oriente M\u00e9dio e Norte da \u00c1frica, caracter\u00edsticas que justificam a presen\u00e7a brasileira\u201d, completou.<\/p>\n<p>No ano passado, por exemplo, Dubai importou 8 milh\u00f5es de toneladas de alimentos e reexportou o equivalente a 6,277 milh\u00f5es por meio de seus portos. Foram emitidos mais de 78 mil certificados sanit\u00e1rios de exporta\u00e7\u00e3o.<\/p>\n<p>Em 2021, este centro de com\u00e9rcio\u00a0e redistribui\u00e7\u00e3o\u00a0alcan\u00e7ou o melhor resultado em atra\u00e7\u00e3o de empresas\u00a0internacionais, com 2.485 novas companhias. No ano anterior, foram 2.025 novas ades\u00f5es. No total, o pa\u00eds conta com mais de 20\u00a0mil\u00a0empresas associadas, desde a\u00a0sua\u00a0inaugura\u00e7\u00e3o\u00a0h\u00e1 20 anos.<\/p>\n<p>A chefe\u00a0operacional do\u00a0escrit\u00f3rio da Apex-Brasil em Dubai, Karen Jones, explica que\u00a0a\u00a0participa\u00e7\u00e3o de empresas brasileiras\u00a0nesse contexto\u00a0\u00e9 dif\u00edcil de mensurar.<\/p>\n<p>\u201cAt\u00e9 mesmo em parcerias com \u00f3rg\u00e3os governamentais locais, a gente tem uma dificuldade em mapear n\u00fameros exatos. Os n\u00fameros que eles puxam, muitas vezes, contam com empresas que t\u00eam como representante um brasileiro\u201d, disse.<\/p>\n<p>Apesar disso, a estimativa que \u00e9 que existam entre 40 e 50 empresas do Brasil.\u00a0Alguns exemplos s\u00e3o JBS, BRF, Embraer, Vale, Tramontina e Botic\u00e1rio.<\/p>\n<p>O setor aeroportu\u00e1rio de Abu Dhabi tamb\u00e9m apresentou bons resultados de tr\u00e1fego de carga durante 2021. Houve aumento de 31,8% no volume transportado, passando de 540.144 toneladas em 2020 para 711.715 toneladas em 2021. O desempenho foi atribu\u00eddo ao aumento nos embarques de carga geral e produtos especiais, como\u00a0mercadorias\u00a0expressas, com temperatura controlada e produtos farmac\u00eauticos.<\/p>\n<p>Fonte: Ag\u00eancia Brasil<\/p>\n","protected":false},"excerpt":{"rendered":"<p>As empresas brasileiras interessadas na exporta\u00e7\u00e3o podem\u00a0encontrar\u00a0no\u00a0Oriente\u00a0M\u00e9dio solu\u00e7\u00f5es de\u00a0log\u00edstica e distribui\u00e7\u00e3o\u00a0de mercadorias para diversos pa\u00edses. Por esse motivo, a Ag\u00eancia Brasileira de Promo\u00e7\u00e3o de Exporta\u00e7\u00f5es e Investimentos (Apex-Brasil) defende o\u00a0aprofundamento das rela\u00e7\u00f5es entre\u00a0as\u00a0na\u00e7\u00f5es. Os Emirados \u00c1rabes Unidos, onde est\u00e3o localizados Dubai e Abu Dhabi, transformaram-se, nas \u00faltimas d\u00e9cadas, em um dos maiores centros comerciais mundiais [&hellip;]<\/p>\n","protected":false},"author":246,"featured_media":195275,"comment_status":"closed","ping_status":"closed","sticky":false,"template":"","format":"standard","meta":{"footnotes":""},"categories":[436,261,439],"tags":[],"class_list":["post-195274","post","type-post","status-publish","format-standard","has-post-thumbnail","hentry","category-destaque-da-semana","category-economia","category-ultima-hora"],"_links":{"self":[{"href":"https:\/\/diarioregionaldigital.com.br\/index.php?rest_route=\/wp\/v2\/posts\/195274","targetHints":{"allow":["GET"]}}],"collection":[{"href":"https:\/\/diarioregionaldigital.com.br\/index.php?rest_route=\/wp\/v2\/posts"}],"about":[{"href":"https:\/\/diarioregionaldigital.com.br\/index.php?rest_route=\/wp\/v2\/types\/post"}],"author":[{"embeddable":true,"href":"https:\/\/diarioregionaldigital.com.br\/index.php?rest_route=\/wp\/v2\/users\/246"}],"replies":[{"embeddable":true,"href":"https:\/\/diarioregionaldigital.com.br\/index.php?rest_route=%2Fwp%2Fv2%2Fcomments&post=195274"}],"version-history":[{"count":1,"href":"https:\/\/diarioregionaldigital.com.br\/index.php?rest_route=\/wp\/v2\/posts\/195274\/revisions"}],"predecessor-version":[{"id":195276,"href":"https:\/\/diarioregionaldigital.com.br\/index.php?rest_route=\/wp\/v2\/posts\/195274\/revisions\/195276"}],"wp:featuredmedia":[{"embeddable":true,"href":"https:\/\/diarioregionaldigital.com.br\/index.php?rest_route=\/wp\/v2\/media\/195275"}],"wp:attachment":[{"href":"https:\/\/diarioregionaldigital.com.br\/index.php?rest_route=%2Fwp%2Fv2%2Fmedia&parent=195274"}],"wp:term":[{"taxonomy":"category","embeddable":true,"href":"https:\/\/diarioregionaldigital.com.br\/index.php?rest_route=%2Fwp%2Fv2%2Fcategories&post=195274"},{"taxonomy":"post_tag","embeddable":true,"href":"https:\/\/diarioregionaldigital.com.br\/index.php?rest_route=%2Fwp%2Fv2%2Ftags&post=195274"}],"curies":[{"name":"wp","href":"https:\/\/api.w.org\/{rel}","templated":true}]}}