{"id":195271,"date":"2022-02-21T14:31:17","date_gmt":"2022-02-21T17:31:17","guid":{"rendered":"https:\/\/diarioregionaldigital.com.br\/?p=195271"},"modified":"2022-02-21T14:31:17","modified_gmt":"2022-02-21T17:31:17","slug":"mercado-financeiro-eleva-projecao-da-inflacao-para-556-em-2022","status":"publish","type":"post","link":"https:\/\/diarioregionaldigital.com.br\/?p=195271","title":{"rendered":"Mercado financeiro eleva proje\u00e7\u00e3o da infla\u00e7\u00e3o para 5,56% em 2022"},"content":{"rendered":"<p>O mercado financeiro aumentou pela sexta vez consecutiva a previs\u00e3o de infla\u00e7\u00e3o para 2022. Segundo proje\u00e7\u00e3o do\u00a0<em>Boletim Focus<\/em>, divulgado hoje (21) pelo Banco Central, o \u00cdndice de Pre\u00e7os ao Consumidor Amplo (IPCA) deve fechar este ano em 5,56%.<img decoding=\"async\" src=\"https:\/\/agenciabrasil.ebc.com.br\/ebc.png?id=1443569&amp;o=node\" \/><img decoding=\"async\" src=\"https:\/\/agenciabrasil.ebc.com.br\/ebc.gif?id=1443569&amp;o=node\" \/><\/p>\n<p>H\u00e1 uma semana a\u00a0<a href=\"https:\/\/agenciabrasil.ebc.com.br\/economia\/noticia\/2022-02\/mercado-financeiro-aumenta-projecao-de-inflacao-para-550-em-2022\" target=\"_blank\" rel=\"noopener\">proje\u00e7\u00e3o do mercado era de que<\/a>\u00a0a infla\u00e7\u00e3o terminasse o ano em 5,5%. H\u00e1 quatro semanas a previs\u00e3o era de 5,15%.<\/p>\n<p>Para 2023, o mercado manteve a expectativa da semana passada em rela\u00e7\u00e3o \u00e0 evolu\u00e7\u00e3o do IPCA. A proje\u00e7\u00e3o desta semana aponta uma infla\u00e7\u00e3o de 3,5%. H\u00e1 quatro semanas, a proje\u00e7\u00e3o era de infla\u00e7\u00e3o de 3,4% no pr\u00f3ximo ano.<\/p>\n<p>J\u00e1 para 2024, o mercado elevou a proje\u00e7\u00e3o de infla\u00e7\u00e3o para 3,09%, ante os 3,04% projetados na semana passada.<\/p>\n<p>Divulgado semanalmente, o\u00a0<em>Boletim Focus<\/em>\u00a0re\u00fane a proje\u00e7\u00e3o do mercado para os principais indicadores econ\u00f4micos do pa\u00eds. Na proje\u00e7\u00e3o dessa semana, o Focus tamb\u00e9m manteve a previs\u00e3o do Produto Interno Bruto (PIB) registrada h\u00e1 sete dias. A nova proje\u00e7\u00e3o \u00e9 de alta no PIB de 0,3%, em 2022. H\u00e1 quatro semanas o mercado previa um crescimento da economia brasileira de 0,29%.<\/p>\n<p>Para 2023, o Focus tamb\u00e9m registrou a mesma expectativa de PIB da semana passada, de 1,5%. H\u00e1 quatro semanas a previs\u00e3o era de que o PIB crescesse 1,69%, em 2023. Para 2024, a proje\u00e7\u00e3o se manteve est\u00e1vel, ficando em 2%.<\/p>\n<h2>Selic<\/h2>\n<p>O mercado manteve a previs\u00e3o para a taxa b\u00e1sica de juros, a Selic, para 2022. Na proje\u00e7\u00e3o divulgada nesta segunda-feira, a Selic deve encerrar o ano em 12,25%. H\u00e1 quatro semanas, a proje\u00e7\u00e3o era de que os juros ficassem em 11,75%.<\/p>\n<p>No in\u00edcio do m\u00eas, o Comit\u00ea de Pol\u00edtica Monet\u00e1ria (Copom)\u00a0<a href=\"https:\/\/agenciabrasil.ebc.com.br\/economia\/noticia\/2022-02\/copom-eleva-juros-basicos-da-economia-para-1075-ao-ano\" target=\"_blank\" rel=\"noopener\">aumentou a taxa de juros<\/a>\u00a0de 9,25% para 10,75% ao ano. Em comunicado, o Copom indicou que continuar\u00e1 a elevar os juros b\u00e1sicos at\u00e9 que a infla\u00e7\u00e3o esteja controlada no m\u00e9dio prazo.<\/p>\n<p>Para o fim de 2023, a estimativa do mercado \u00e9 de que a taxa b\u00e1sica caia para 8% ao ano. E para 2024, a previs\u00e3o \u00e9 de Selic em 7,38% ao ano, ante os 7,25% da proje\u00e7\u00e3o da semana anterior.<\/p>\n<h2>C\u00e2mbio<\/h2>\n<p>A expectativa do mercado para a cota\u00e7\u00e3o do d\u00f3lar em 2022 caiu novamente, ficando em R$ 5,50, ante os R$ 5,58 projetados na semana passada. Para o pr\u00f3ximo ano, a previs\u00e3o do mercado tamb\u00e9m diminuiu, passando de R$ 5,45 para R$ 5,36.<\/p>\n<p>Para 2024, a estimativa para a cota\u00e7\u00e3o da moeda americana diminuiu ligeiramente pela terceira semana seguida, passando dos R$ 5,32 projetados na semana passada, para R$ 5,30.<\/p>\n<p>Fonte: Ag\u00eancia Brasil<\/p>\n","protected":false},"excerpt":{"rendered":"<p>O mercado financeiro aumentou pela sexta vez consecutiva a previs\u00e3o de infla\u00e7\u00e3o para 2022. Segundo proje\u00e7\u00e3o do\u00a0Boletim Focus, divulgado hoje (21) pelo Banco Central, o \u00cdndice de Pre\u00e7os ao Consumidor Amplo (IPCA) deve fechar este ano em 5,56%. H\u00e1 uma semana a\u00a0proje\u00e7\u00e3o do mercado era de que\u00a0a infla\u00e7\u00e3o terminasse o ano em 5,5%. H\u00e1 quatro [&hellip;]<\/p>\n","protected":false},"author":246,"featured_media":195272,"comment_status":"closed","ping_status":"closed","sticky":false,"template":"","format":"standard","meta":{"footnotes":""},"categories":[436,261,439],"tags":[],"class_list":["post-195271","post","type-post","status-publish","format-standard","has-post-thumbnail","hentry","category-destaque-da-semana","category-economia","category-ultima-hora"],"_links":{"self":[{"href":"https:\/\/diarioregionaldigital.com.br\/index.php?rest_route=\/wp\/v2\/posts\/195271","targetHints":{"allow":["GET"]}}],"collection":[{"href":"https:\/\/diarioregionaldigital.com.br\/index.php?rest_route=\/wp\/v2\/posts"}],"about":[{"href":"https:\/\/diarioregionaldigital.com.br\/index.php?rest_route=\/wp\/v2\/types\/post"}],"author":[{"embeddable":true,"href":"https:\/\/diarioregionaldigital.com.br\/index.php?rest_route=\/wp\/v2\/users\/246"}],"replies":[{"embeddable":true,"href":"https:\/\/diarioregionaldigital.com.br\/index.php?rest_route=%2Fwp%2Fv2%2Fcomments&post=195271"}],"version-history":[{"count":1,"href":"https:\/\/diarioregionaldigital.com.br\/index.php?rest_route=\/wp\/v2\/posts\/195271\/revisions"}],"predecessor-version":[{"id":195273,"href":"https:\/\/diarioregionaldigital.com.br\/index.php?rest_route=\/wp\/v2\/posts\/195271\/revisions\/195273"}],"wp:featuredmedia":[{"embeddable":true,"href":"https:\/\/diarioregionaldigital.com.br\/index.php?rest_route=\/wp\/v2\/media\/195272"}],"wp:attachment":[{"href":"https:\/\/diarioregionaldigital.com.br\/index.php?rest_route=%2Fwp%2Fv2%2Fmedia&parent=195271"}],"wp:term":[{"taxonomy":"category","embeddable":true,"href":"https:\/\/diarioregionaldigital.com.br\/index.php?rest_route=%2Fwp%2Fv2%2Fcategories&post=195271"},{"taxonomy":"post_tag","embeddable":true,"href":"https:\/\/diarioregionaldigital.com.br\/index.php?rest_route=%2Fwp%2Fv2%2Ftags&post=195271"}],"curies":[{"name":"wp","href":"https:\/\/api.w.org\/{rel}","templated":true}]}}