{"id":195265,"date":"2022-02-21T14:12:07","date_gmt":"2022-02-21T17:12:07","guid":{"rendered":"https:\/\/diarioregionaldigital.com.br\/?p=195265"},"modified":"2022-02-21T14:12:07","modified_gmt":"2022-02-21T17:12:07","slug":"policia-militar-prende-autores-de-roubo-em-benfica","status":"publish","type":"post","link":"https:\/\/diarioregionaldigital.com.br\/?p=195265","title":{"rendered":"Pol\u00edcia Militar prende autores de roubo em Benfica"},"content":{"rendered":"<p>No dia 20fev22 por volta das 08h33min, a Pol\u00edcia Militar compareceu na Rua Dona Maria Catarina Barbosa no Benfica para atendimento a um homem de 28 anos, v\u00edtima de roubo. Segundo relato, ao estacionar o ve\u00edculo foi abordado por dois suspeitos, um deles dizendo estar armado com arma de fogo, anunciou o roubo, subtraiu a bateria do autom\u00f3vel e evadiram. Realizado rastreamento, os autores (18 e 26 anos) foram presos nas imedia\u00e7\u00f5es<br \/>\ndo fato. O material roubado n\u00e3o foi recuperado.<\/p>\n","protected":false},"excerpt":{"rendered":"<p>No dia 20fev22 por volta das 08h33min, a Pol\u00edcia Militar compareceu na Rua Dona Maria Catarina Barbosa no Benfica para atendimento a um homem de 28 anos, v\u00edtima de roubo. Segundo relato, ao estacionar o ve\u00edculo foi abordado por dois suspeitos, um deles dizendo estar armado com arma de fogo, anunciou o roubo, subtraiu a [&hellip;]<\/p>\n","protected":false},"author":246,"featured_media":195266,"comment_status":"closed","ping_status":"closed","sticky":false,"template":"","format":"standard","meta":{"footnotes":""},"categories":[301,439],"tags":[],"class_list":["post-195265","post","type-post","status-publish","format-standard","has-post-thumbnail","hentry","category-artigos-policiais","category-ultima-hora"],"_links":{"self":[{"href":"https:\/\/diarioregionaldigital.com.br\/index.php?rest_route=\/wp\/v2\/posts\/195265","targetHints":{"allow":["GET"]}}],"collection":[{"href":"https:\/\/diarioregionaldigital.com.br\/index.php?rest_route=\/wp\/v2\/posts"}],"about":[{"href":"https:\/\/diarioregionaldigital.com.br\/index.php?rest_route=\/wp\/v2\/types\/post"}],"author":[{"embeddable":true,"href":"https:\/\/diarioregionaldigital.com.br\/index.php?rest_route=\/wp\/v2\/users\/246"}],"replies":[{"embeddable":true,"href":"https:\/\/diarioregionaldigital.com.br\/index.php?rest_route=%2Fwp%2Fv2%2Fcomments&post=195265"}],"version-history":[{"count":1,"href":"https:\/\/diarioregionaldigital.com.br\/index.php?rest_route=\/wp\/v2\/posts\/195265\/revisions"}],"predecessor-version":[{"id":195267,"href":"https:\/\/diarioregionaldigital.com.br\/index.php?rest_route=\/wp\/v2\/posts\/195265\/revisions\/195267"}],"wp:featuredmedia":[{"embeddable":true,"href":"https:\/\/diarioregionaldigital.com.br\/index.php?rest_route=\/wp\/v2\/media\/195266"}],"wp:attachment":[{"href":"https:\/\/diarioregionaldigital.com.br\/index.php?rest_route=%2Fwp%2Fv2%2Fmedia&parent=195265"}],"wp:term":[{"taxonomy":"category","embeddable":true,"href":"https:\/\/diarioregionaldigital.com.br\/index.php?rest_route=%2Fwp%2Fv2%2Fcategories&post=195265"},{"taxonomy":"post_tag","embeddable":true,"href":"https:\/\/diarioregionaldigital.com.br\/index.php?rest_route=%2Fwp%2Fv2%2Ftags&post=195265"}],"curies":[{"name":"wp","href":"https:\/\/api.w.org\/{rel}","templated":true}]}}