{"id":195262,"date":"2022-02-18T06:00:34","date_gmt":"2022-02-18T09:00:34","guid":{"rendered":"https:\/\/diarioregionaldigital.com.br\/?p=195262"},"modified":"2022-02-19T17:34:01","modified_gmt":"2022-02-19T20:34:01","slug":"a-licao-sobre-o-bem-de-romanos-12","status":"publish","type":"post","link":"https:\/\/diarioregionaldigital.com.br\/?p=195262","title":{"rendered":"A li\u00e7\u00e3o sobre o bem de Romanos 12"},"content":{"rendered":"<p>O vers\u00edculo final do cap\u00edtulo 12 da Ep\u00edstola aos Romanos diz o seguinte: \u201cN\u00e3o te deixes vencer do mal, mas vence o mal com o bem\u201d.<\/p>\n<p>Esse cap\u00edtulo nos ensina muito sobre o amor para com Deus, com n\u00f3s mesmos, com os irm\u00e3os e at\u00e9 para com os inimigos, e o texto termina com esta sublime mensagem: resistam ao mal e subjuguem-no com o bem! Que maravilhoso!!!<\/p>\n<p>J\u00e1 parou para pensar como o mal se propaga? Em certas ocasi\u00f5es ele opera como uma corrente. Algo de ruim acontece com um sujeito A, este \u201cdesconta\u201d tratando mal o sujeito B, que destrata o C e assim segue adiante. Outras vezes o mal parece como uma helicoidal, se move em ciclos ascendentes, girando e aumentando em gravidade e furor, um mal leva a outro pior, que leva a outro pior ainda e assim sucessivamente. O mal tamb\u00e9m atua em ciclos, hoje algu\u00e9m te faz mal e voc\u00ea retruca ou transfere a afronta a outro algu\u00e9m, esse mal segue atingindo outras pessoas at\u00e9 que, finalmente, ele retorna e te aflige um novo golpe. O mal se alastra como fogo, come\u00e7a como uma fagulha que pisca no cora\u00e7\u00e3o e, se encontrar material inflam\u00e1vel ali, logo se torna uma fogueira e incendeia todo o ser.<\/p>\n<p>Nada disso coaduna com a conduta crist\u00e3: \u201cAbstende-vos de toda a apar\u00eancia do mal\u201d (1 Tessalonicenses 5: 22).<\/p>\n<p>A B\u00edblia est\u00e1 nos ensinando como vencer o mal, como paralis\u00e1-lo, como cont\u00ea-lo, como impedi-lo, ele e os seus efeitos. Simplesmente, n\u00e3o d\u00ea vaz\u00e3o em nenhuma hip\u00f3tese e fa\u00e7a o bem em todas as ocasi\u00f5es: \u201cAfaste-se do mal e fa\u00e7a o bem; busque a paz com perseveran\u00e7a\u201d (Salmos 34: 14).<\/p>\n<p>Se ele te aparece como corrente, n\u00e3o importa o que te fizerem, n\u00e3o se aborre\u00e7a, confie em Deus, n\u00e3o retruque nem passe o que recebeu adiante. Responda com miseric\u00f3rdia, lembrando que voc\u00ea tamb\u00e9m recebeu a miseric\u00f3rdia de Deus: \u201cAmem, por\u00e9m, os seus inimigos, fa\u00e7am-lhes o bem e emprestem a eles, sem esperar receber nada de volta. Ent\u00e3o, a recompensa que ter\u00e3o ser\u00e1 grande e voc\u00eas ser\u00e3o filhos do Alt\u00edssimo, porque ele \u00e9 bondoso para com os ingratos e maus. Sejam misericordiosos, assim como o Pai de voc\u00eas \u00e9 misericordioso&#8221; (Lucas 6: 35, 36).<\/p>\n<p>Se o mal aparece como um pensamento, uma emo\u00e7\u00e3o, uma sensa\u00e7\u00e3o ruim, repreenda-o imediatamente, mude a \u201cfrequ\u00eancia\u201d do seu pensamento e siga adiante sem lhe dar qualquer material que possa inflamar: \u201cAquele, pois, que sabe fazer o bem e n\u00e3o o faz, comete pecado\u201d (Tiago 4: 17).<\/p>\n<p>Para seguir firme no prop\u00f3sito de n\u00e3o participar das \u201cdin\u00e2micas\u201d do mal, nutra tr\u00eas convic\u00e7\u00f5es em seu cora\u00e7\u00e3o. A primeira \u00e9 que Deus tratar\u00e1 de retribuir quem comete o mal, da Sua maneira e ao Seu tempo: \u201cA face do SENHOR est\u00e1 contra os que fazem o mal, para desarraigar da terra a mem\u00f3ria deles\u201d (Salmos 34: 16).<\/p>\n<p>Segunda, saiba que quando responde ao mal com o bem, voc\u00ea est\u00e1 agradando a Deus e o seu ato n\u00e3o deixar\u00e1 de ser recompensado: \u201cE n\u00e3o nos cansemos de fazer bem, porque a seu tempo ceifaremos, se n\u00e3o houvermos desfalecido\u201d (G\u00e1latas 6: 9).<\/p>\n<p>E, enfim, a terceira, pense que a sua bondade pode inspirar e causar mais bondade. Imagine que voc\u00ea retribua com o bem o mal que sofreu, qual ser\u00e1 o impacto disso em seu algoz? Sua bondade pode ser um ato de Deus, Ele pode estar te usando para envergonhar os tolos e traz\u00ea-lo das trevas \u00e0 luz: \u201cAssim resplande\u00e7a a vossa luz diante dos homens, para que vejam as vossas boas obras e glorifiquem a vosso Pai, que est\u00e1 nos c\u00e9us (Mateus 5: 16).<\/p>\n<p>Acima de tudo, sejamos bons por gratid\u00e3o, pois antes de voc\u00ea ou de mim, Deus \u00e9 bom para com todos, todo o tempo e de todas as maneiras: \u201cPois o Senhor \u00e9 bom e o seu amor leal \u00e9 eterno; a sua fidelidade permanece por todas as gera\u00e7\u00f5es\u201d (Salmos 100: 5).<\/p>\n","protected":false},"excerpt":{"rendered":"<p>O vers\u00edculo final do cap\u00edtulo 12 da Ep\u00edstola aos Romanos diz o seguinte: \u201cN\u00e3o te deixes vencer do mal, mas vence o mal com o bem\u201d. Esse cap\u00edtulo nos ensina muito sobre o amor para com Deus, com n\u00f3s mesmos, com os irm\u00e3os e at\u00e9 para com os inimigos, e o texto termina com esta [&hellip;]<\/p>\n","protected":false},"author":96,"featured_media":0,"comment_status":"closed","ping_status":"closed","sticky":false,"template":"","format":"standard","meta":{"footnotes":""},"categories":[1244],"tags":[],"class_list":["post-195262","post","type-post","status-publish","format-standard","hentry","category-oleg-abramov"],"_links":{"self":[{"href":"https:\/\/diarioregionaldigital.com.br\/index.php?rest_route=\/wp\/v2\/posts\/195262","targetHints":{"allow":["GET"]}}],"collection":[{"href":"https:\/\/diarioregionaldigital.com.br\/index.php?rest_route=\/wp\/v2\/posts"}],"about":[{"href":"https:\/\/diarioregionaldigital.com.br\/index.php?rest_route=\/wp\/v2\/types\/post"}],"author":[{"embeddable":true,"href":"https:\/\/diarioregionaldigital.com.br\/index.php?rest_route=\/wp\/v2\/users\/96"}],"replies":[{"embeddable":true,"href":"https:\/\/diarioregionaldigital.com.br\/index.php?rest_route=%2Fwp%2Fv2%2Fcomments&post=195262"}],"version-history":[{"count":1,"href":"https:\/\/diarioregionaldigital.com.br\/index.php?rest_route=\/wp\/v2\/posts\/195262\/revisions"}],"predecessor-version":[{"id":195263,"href":"https:\/\/diarioregionaldigital.com.br\/index.php?rest_route=\/wp\/v2\/posts\/195262\/revisions\/195263"}],"wp:attachment":[{"href":"https:\/\/diarioregionaldigital.com.br\/index.php?rest_route=%2Fwp%2Fv2%2Fmedia&parent=195262"}],"wp:term":[{"taxonomy":"category","embeddable":true,"href":"https:\/\/diarioregionaldigital.com.br\/index.php?rest_route=%2Fwp%2Fv2%2Fcategories&post=195262"},{"taxonomy":"post_tag","embeddable":true,"href":"https:\/\/diarioregionaldigital.com.br\/index.php?rest_route=%2Fwp%2Fv2%2Ftags&post=195262"}],"curies":[{"name":"wp","href":"https:\/\/api.w.org\/{rel}","templated":true}]}}