{"id":195257,"date":"2022-02-20T06:00:47","date_gmt":"2022-02-20T09:00:47","guid":{"rendered":"https:\/\/diarioregionaldigital.com.br\/?p=195257"},"modified":"2022-02-19T02:39:18","modified_gmt":"2022-02-19T05:39:18","slug":"nazismo-nunca-mais","status":"publish","type":"post","link":"https:\/\/diarioregionaldigital.com.br\/?p=195257","title":{"rendered":"Nazismo nunca mais"},"content":{"rendered":"<p>Parecia improv\u00e1vel que aparecesse no Brasil algu\u00e9m com a coragem ou a irresponsabilidade de defender o nazismo. Pois \u00e9 que isso surgiu, na pessoa do podcaster Monark(Bruno Aiub), com o apoio do deputado Kim Kataguiri(DEM).<\/p>\n<p>S\u00e3o dois perturbados que envergonham a vida brasileira. O primeiro deles, ao ser punido com a perda dos seus patrocinadores, colocou a\u00a0 culpa na bebida que havia ingerido em excesso. N\u00e3o tem desculpa, pois seguramente passou do ponto e deve ser punido severamente. O seu arrependimento n\u00e3o traz o perd\u00e3o. A repulsa ao seu gesto \u00e9 o m\u00ednimo que se pode desejar.<\/p>\n<p>Monark foi desligado do Est\u00fadio Flow, que tachou de inadmiss\u00edveis os seus coment\u00e1rios racistas. Ele mesmo, depois do que fez, considerou os seus coment\u00e1rios \u201cmuito burros\u201d, o que provocou enorme rea\u00e7\u00e3o. \u00c9 incr\u00edvel que essa ocorr\u00eancia tenha sido confundida como \u201cliberdade de express\u00e3o\u201d. Sabendo-se do que foram capazes os nazistas (s\u00f3 judeus na Europa foram mortos cerca de 6 milh\u00f5es de pessoas). Esse gesto de agora de agora \u00a0foi uma total irresponsabilidade.<\/p>\n<p>B\u00eabado ou n\u00e3o, Monark cometeu crimes. Como disse com muita propriedade o Ministro Gilmar Mendes, \u201cqualquer apologia ao nazismo \u00e9 criminosa, execr\u00e1vel e obscena\u201d. J\u00e1 o Ministro Alexandre de Moraes afirmou \u00a0que \u201ca Constitui\u00e7\u00e3o consagra o bin\u00f4mio \u00a0liberdade e responsabilidade\u201d. O direito\u00a0 fundamental \u00e0 liberdade de express\u00e3o n\u00e3o autoriza a abomin\u00e1vel e criminosa apologia ao nazismo.\u201d O Ministro Lu\u00eds Fux tem uma s\u00f3lida forma\u00e7\u00e3o judaica e certamente n\u00e3o concorda com nada disso, o mesmo podendo ser dito pelo Ministro Lu\u00eds Roberto Barroso, cuja m\u00e3e \u00e9 de origem judaica.<\/p>\n<p>A rea\u00e7\u00e3o a essa estupidez foi nacional e internacional. Monark violou preceitos constitucionais e cometeu crime de apologia ao nazismo. Sua atitude, bem como a solidariedade do deputado Kataguiri, outro absurdo com o qual n\u00e3o se pode concordar de jeito nenhum, merecem uma condena\u00e7\u00e3o formal e da maneira mais veemente. O que se espera \u00e9 que a justi\u00e7a brasileira reaja com a necess\u00e1ria \u00a0energia a todos esses fatos lament\u00e1veis.<\/p>\n","protected":false},"excerpt":{"rendered":"<p>Parecia improv\u00e1vel que aparecesse no Brasil algu\u00e9m com a coragem ou a irresponsabilidade de defender o nazismo. Pois \u00e9 que isso surgiu, na pessoa do podcaster Monark(Bruno Aiub), com o apoio do deputado Kim Kataguiri(DEM). S\u00e3o dois perturbados que envergonham a vida brasileira. O primeiro deles, ao ser punido com a perda dos seus patrocinadores, [&hellip;]<\/p>\n","protected":false},"author":96,"featured_media":0,"comment_status":"closed","ping_status":"closed","sticky":false,"template":"","format":"standard","meta":{"footnotes":""},"categories":[275],"tags":[],"class_list":["post-195257","post","type-post","status-publish","format-standard","hentry","category-arnaldo-niskier"],"_links":{"self":[{"href":"https:\/\/diarioregionaldigital.com.br\/index.php?rest_route=\/wp\/v2\/posts\/195257","targetHints":{"allow":["GET"]}}],"collection":[{"href":"https:\/\/diarioregionaldigital.com.br\/index.php?rest_route=\/wp\/v2\/posts"}],"about":[{"href":"https:\/\/diarioregionaldigital.com.br\/index.php?rest_route=\/wp\/v2\/types\/post"}],"author":[{"embeddable":true,"href":"https:\/\/diarioregionaldigital.com.br\/index.php?rest_route=\/wp\/v2\/users\/96"}],"replies":[{"embeddable":true,"href":"https:\/\/diarioregionaldigital.com.br\/index.php?rest_route=%2Fwp%2Fv2%2Fcomments&post=195257"}],"version-history":[{"count":1,"href":"https:\/\/diarioregionaldigital.com.br\/index.php?rest_route=\/wp\/v2\/posts\/195257\/revisions"}],"predecessor-version":[{"id":195258,"href":"https:\/\/diarioregionaldigital.com.br\/index.php?rest_route=\/wp\/v2\/posts\/195257\/revisions\/195258"}],"wp:attachment":[{"href":"https:\/\/diarioregionaldigital.com.br\/index.php?rest_route=%2Fwp%2Fv2%2Fmedia&parent=195257"}],"wp:term":[{"taxonomy":"category","embeddable":true,"href":"https:\/\/diarioregionaldigital.com.br\/index.php?rest_route=%2Fwp%2Fv2%2Fcategories&post=195257"},{"taxonomy":"post_tag","embeddable":true,"href":"https:\/\/diarioregionaldigital.com.br\/index.php?rest_route=%2Fwp%2Fv2%2Ftags&post=195257"}],"curies":[{"name":"wp","href":"https:\/\/api.w.org\/{rel}","templated":true}]}}