{"id":195251,"date":"2022-02-18T14:27:44","date_gmt":"2022-02-18T17:27:44","guid":{"rendered":"https:\/\/diarioregionaldigital.com.br\/?p=195251"},"modified":"2022-02-18T14:27:44","modified_gmt":"2022-02-18T17:27:44","slug":"empav-segue-com-intervencoes-de-recomposicao-asfaltica-na-estrada-engenheiro-gentil-forn","status":"publish","type":"post","link":"https:\/\/diarioregionaldigital.com.br\/?p=195251","title":{"rendered":"Empav segue com interven\u00e7\u00f5es de recomposi\u00e7\u00e3o asf\u00e1ltica na Estrada Engenheiro Gentil Forn"},"content":{"rendered":"<p>Segundo informa\u00e7\u00f5es do site da Prefeitura de Juiz de Fora, na manh\u00e3 desta quinta-feira, 17, servidores da Empresa Municipal de Pavimenta\u00e7\u00e3o e Urbaniza\u00e7\u00e3o (Empav) deram continuidade \u00e0 opera\u00e7\u00e3o tapa-buracos na Estrada Engenheiro Gentil Forn, via entre o Jardim Gl\u00f3ria e o S\u00e3o Pedro. Al\u00e9m desse trecho, foram iniciados tamb\u00e9m os servi\u00e7os de recomposi\u00e7\u00e3o asf\u00e1ltica na rua Padre Arnaldo Janssen, no bairro Santos Anjos.<\/p>\n<p>\u00c9 importante destacar que todas essas a\u00e7\u00f5es fazem parte do Programa Boniteza da Prefeitura de Juiz de Fora (PJF) e do seu compromisso na melhoria das condi\u00e7\u00f5es de trafegabilidade das vias da cidade, oferecendo conforto e mobilidade \u00e0 popula\u00e7\u00e3o. A programa\u00e7\u00e3o di\u00e1ria de todas as atividades realizadas pela Empav pode ser acompanhada atrav\u00e9s da p\u00e1gina do Gabinete de A\u00e7\u00e3o e Di\u00e1logo Comunit\u00e1rio, pelo<a href=\"https:\/\/www.pjf.mg.gov.br\/gabinetecomunitario\/\">\u00a0<strong>link<\/strong><\/a>.<\/p>\n<p>Todas as a\u00e7\u00f5es de reestrutura\u00e7\u00e3o, urbaniza\u00e7\u00e3o e zeladoria realizadas pela Empav fazem parte do Programa Boniteza. Voc\u00ea pode solicitar estes e outros servi\u00e7os atrav\u00e9s do Gabinete de A\u00e7\u00e3o e Di\u00e1logo Comunit\u00e1rio, que recebe e organiza pedidos relativos a interven\u00e7\u00f5es e melhorias urbanas. O contato pode ser feito por liga\u00e7\u00e3o telef\u00f4nica, pelo n\u00famero (32) 3690-7241 ou, ainda, via WhatsApp, utilizando o mesmo n\u00famero.<\/p>\n","protected":false},"excerpt":{"rendered":"<p>Segundo informa\u00e7\u00f5es do site da Prefeitura de Juiz de Fora, na manh\u00e3 desta quinta-feira, 17, servidores da Empresa Municipal de Pavimenta\u00e7\u00e3o e Urbaniza\u00e7\u00e3o (Empav) deram continuidade \u00e0 opera\u00e7\u00e3o tapa-buracos na Estrada Engenheiro Gentil Forn, via entre o Jardim Gl\u00f3ria e o S\u00e3o Pedro. Al\u00e9m desse trecho, foram iniciados tamb\u00e9m os servi\u00e7os de recomposi\u00e7\u00e3o asf\u00e1ltica na [&hellip;]<\/p>\n","protected":false},"author":246,"featured_media":195252,"comment_status":"closed","ping_status":"closed","sticky":false,"template":"","format":"standard","meta":{"footnotes":""},"categories":[253,436,439],"tags":[],"class_list":["post-195251","post","type-post","status-publish","format-standard","has-post-thumbnail","hentry","category-cidade","category-destaque-da-semana","category-ultima-hora"],"_links":{"self":[{"href":"https:\/\/diarioregionaldigital.com.br\/index.php?rest_route=\/wp\/v2\/posts\/195251","targetHints":{"allow":["GET"]}}],"collection":[{"href":"https:\/\/diarioregionaldigital.com.br\/index.php?rest_route=\/wp\/v2\/posts"}],"about":[{"href":"https:\/\/diarioregionaldigital.com.br\/index.php?rest_route=\/wp\/v2\/types\/post"}],"author":[{"embeddable":true,"href":"https:\/\/diarioregionaldigital.com.br\/index.php?rest_route=\/wp\/v2\/users\/246"}],"replies":[{"embeddable":true,"href":"https:\/\/diarioregionaldigital.com.br\/index.php?rest_route=%2Fwp%2Fv2%2Fcomments&post=195251"}],"version-history":[{"count":1,"href":"https:\/\/diarioregionaldigital.com.br\/index.php?rest_route=\/wp\/v2\/posts\/195251\/revisions"}],"predecessor-version":[{"id":195253,"href":"https:\/\/diarioregionaldigital.com.br\/index.php?rest_route=\/wp\/v2\/posts\/195251\/revisions\/195253"}],"wp:featuredmedia":[{"embeddable":true,"href":"https:\/\/diarioregionaldigital.com.br\/index.php?rest_route=\/wp\/v2\/media\/195252"}],"wp:attachment":[{"href":"https:\/\/diarioregionaldigital.com.br\/index.php?rest_route=%2Fwp%2Fv2%2Fmedia&parent=195251"}],"wp:term":[{"taxonomy":"category","embeddable":true,"href":"https:\/\/diarioregionaldigital.com.br\/index.php?rest_route=%2Fwp%2Fv2%2Fcategories&post=195251"},{"taxonomy":"post_tag","embeddable":true,"href":"https:\/\/diarioregionaldigital.com.br\/index.php?rest_route=%2Fwp%2Fv2%2Ftags&post=195251"}],"curies":[{"name":"wp","href":"https:\/\/api.w.org\/{rel}","templated":true}]}}