{"id":195248,"date":"2022-02-18T14:26:10","date_gmt":"2022-02-18T17:26:10","guid":{"rendered":"https:\/\/diarioregionaldigital.com.br\/?p=195248"},"modified":"2022-02-18T14:26:10","modified_gmt":"2022-02-18T17:26:10","slug":"campanha-de-arrecadacao-para-vitimas-das-chuvas-em-petropolis-oferece-novos-pontos-de-coleta","status":"publish","type":"post","link":"https:\/\/diarioregionaldigital.com.br\/?p=195248","title":{"rendered":"Campanha de arrecada\u00e7\u00e3o para v\u00edtimas das chuvas em Petr\u00f3polis oferece novos pontos de coleta"},"content":{"rendered":"<p>Segundo informa\u00e7\u00f5es do site da Prefeitura de Juiz de Fora, a campanha de arrecada\u00e7\u00e3o de itens b\u00e1sicos para as v\u00edtimas das chuvas em Petr\u00f3polis-RJ, da Prefeitura de Juiz de Fora (PJF)\u00a0 atrav\u00e9s da Ag\u00eancia de Prote\u00e7\u00e3o e Defesa do Consumidor (Procon\/JF), oferece novos pontos de coleta a partir desta sexta-feira, 18. Agora as doa\u00e7\u00f5es poder\u00e3o ser realizadas tamb\u00e9m no curso Uptime comunica\u00e7\u00e3o em ingl\u00eas, localizado na rua Delfim Moreira 157, no bairro Granbery; e no Independ\u00eancia Shopping, na Avenida Presidente Itamar Franco 3.600, no bairro Cacatinha.<\/p>\n<p>Al\u00e9m dos novos pontos, os interessados em ajudar tamb\u00e9m poder\u00e3o deixar materiais como itens de higiene pessoal, alimentos n\u00e3o perec\u00edveis, \u00e1gua, cobertores e roupas no segundo andar da sede do Procon\/JF, localizada na Avenida\u00a0Presidente Itamar Franco 992, no Centro. As doa\u00e7\u00f5es podem ser feitas at\u00e9 o dia 2 de mar\u00e7o, e ser\u00e3o destinadas ao Centro de Defesa dos Direitos Humanos de Petr\u00f3polis pelo Procon M\u00f3vel de Juiz de Fora.<\/p>\n","protected":false},"excerpt":{"rendered":"<p>Segundo informa\u00e7\u00f5es do site da Prefeitura de Juiz de Fora, a campanha de arrecada\u00e7\u00e3o de itens b\u00e1sicos para as v\u00edtimas das chuvas em Petr\u00f3polis-RJ, da Prefeitura de Juiz de Fora (PJF)\u00a0 atrav\u00e9s da Ag\u00eancia de Prote\u00e7\u00e3o e Defesa do Consumidor (Procon\/JF), oferece novos pontos de coleta a partir desta sexta-feira, 18. Agora as doa\u00e7\u00f5es poder\u00e3o [&hellip;]<\/p>\n","protected":false},"author":246,"featured_media":195249,"comment_status":"closed","ping_status":"closed","sticky":false,"template":"","format":"standard","meta":{"footnotes":""},"categories":[253,436,439],"tags":[],"class_list":["post-195248","post","type-post","status-publish","format-standard","has-post-thumbnail","hentry","category-cidade","category-destaque-da-semana","category-ultima-hora"],"_links":{"self":[{"href":"https:\/\/diarioregionaldigital.com.br\/index.php?rest_route=\/wp\/v2\/posts\/195248","targetHints":{"allow":["GET"]}}],"collection":[{"href":"https:\/\/diarioregionaldigital.com.br\/index.php?rest_route=\/wp\/v2\/posts"}],"about":[{"href":"https:\/\/diarioregionaldigital.com.br\/index.php?rest_route=\/wp\/v2\/types\/post"}],"author":[{"embeddable":true,"href":"https:\/\/diarioregionaldigital.com.br\/index.php?rest_route=\/wp\/v2\/users\/246"}],"replies":[{"embeddable":true,"href":"https:\/\/diarioregionaldigital.com.br\/index.php?rest_route=%2Fwp%2Fv2%2Fcomments&post=195248"}],"version-history":[{"count":1,"href":"https:\/\/diarioregionaldigital.com.br\/index.php?rest_route=\/wp\/v2\/posts\/195248\/revisions"}],"predecessor-version":[{"id":195250,"href":"https:\/\/diarioregionaldigital.com.br\/index.php?rest_route=\/wp\/v2\/posts\/195248\/revisions\/195250"}],"wp:featuredmedia":[{"embeddable":true,"href":"https:\/\/diarioregionaldigital.com.br\/index.php?rest_route=\/wp\/v2\/media\/195249"}],"wp:attachment":[{"href":"https:\/\/diarioregionaldigital.com.br\/index.php?rest_route=%2Fwp%2Fv2%2Fmedia&parent=195248"}],"wp:term":[{"taxonomy":"category","embeddable":true,"href":"https:\/\/diarioregionaldigital.com.br\/index.php?rest_route=%2Fwp%2Fv2%2Fcategories&post=195248"},{"taxonomy":"post_tag","embeddable":true,"href":"https:\/\/diarioregionaldigital.com.br\/index.php?rest_route=%2Fwp%2Fv2%2Ftags&post=195248"}],"curies":[{"name":"wp","href":"https:\/\/api.w.org\/{rel}","templated":true}]}}