{"id":195245,"date":"2022-02-18T14:24:28","date_gmt":"2022-02-18T17:24:28","guid":{"rendered":"https:\/\/diarioregionaldigital.com.br\/?p=195245"},"modified":"2022-02-18T14:24:28","modified_gmt":"2022-02-18T17:24:28","slug":"defesa-civil-emite-alerta-de-fortes-chuvas","status":"publish","type":"post","link":"https:\/\/diarioregionaldigital.com.br\/?p=195245","title":{"rendered":"Defesa Civil emite alerta de fortes chuvas"},"content":{"rendered":"<p>Segundo informa\u00e7\u00f5es do site da Prefeitura de Juiz de Fora, com base nas informa\u00e7\u00f5es do\u00a0 Instituto Nacional de Meteorologia (Inmet), a Defesa Civil da Prefeitura de Juiz de Fora (PJF) informa que poder\u00e3o ocorrer acumulados de chuva superior a 60 mm\/h ou acima de 100 mm\/dia, entre esta sexta-feira, 18, e a manh\u00e3 de s\u00e1bado, 19.<\/p>\n<p>A Defesa Civil adverte sobre potenciais riscos\u00a0de grandes alagamentos, transbordamentos de rios e deslizamentos de encostas em \u00e1reas de risco. O grau de severidade \u00e9 classificado pelo Inmet como \u2018grande perigo\u2019. A popula\u00e7\u00e3o deve ficar atenta para ind\u00edcios de amea\u00e7a de deslizamentos, como o surgimento de novas trincas ou fissuras nas moradias e trincas e movimenta\u00e7\u00e3o de solo nos terrenos. Quem estiver em local seguro, deve permanecer at\u00e9 o fim da chuva intensa. Al\u00e9m disso, a Defesa Civil pede que as pessoas evitem transitar em \u00e1reas alagadas e pr\u00f3ximas a c\u00f3rregos, canais e rios. Em caso de rajadas de vento, n\u00e3o se deve procurar abrigo debaixo de \u00e1rvores, pois h\u00e1 risco de queda e descargas el\u00e9tricas e, tamb\u00e9m, n\u00e3o estacionar ve\u00edculos pr\u00f3ximos a torres de transmiss\u00e3o e placas de propaganda.<\/p>\n<p>Para receber alertas em casos de chuvas, frentes frias, tempestades e alagamentos, a Defesa Civil notifica no celular atrav\u00e9s de SMS. Para se cadastrar, \u00e9 preciso enviar o CEP do local de resid\u00eancia para 40199. A popula\u00e7\u00e3o tamb\u00e9m pode acompanhar os avisos no\u00a0<a href=\"https:\/\/www.instagram.com\/defesaciviljf\/\"><strong>Instagram<\/strong>\u00a0<\/a>da Defesa Civil. Em caso de emerg\u00eancia, ligue para a Defesa Civil pelo n\u00famero 199. O atendimento \u00e9 realizado 24h.<\/p>\n","protected":false},"excerpt":{"rendered":"<p>Segundo informa\u00e7\u00f5es do site da Prefeitura de Juiz de Fora, com base nas informa\u00e7\u00f5es do\u00a0 Instituto Nacional de Meteorologia (Inmet), a Defesa Civil da Prefeitura de Juiz de Fora (PJF) informa que poder\u00e3o ocorrer acumulados de chuva superior a 60 mm\/h ou acima de 100 mm\/dia, entre esta sexta-feira, 18, e a manh\u00e3 de s\u00e1bado, [&hellip;]<\/p>\n","protected":false},"author":246,"featured_media":195246,"comment_status":"closed","ping_status":"closed","sticky":false,"template":"","format":"standard","meta":{"footnotes":""},"categories":[253,436,439],"tags":[],"class_list":["post-195245","post","type-post","status-publish","format-standard","has-post-thumbnail","hentry","category-cidade","category-destaque-da-semana","category-ultima-hora"],"_links":{"self":[{"href":"https:\/\/diarioregionaldigital.com.br\/index.php?rest_route=\/wp\/v2\/posts\/195245","targetHints":{"allow":["GET"]}}],"collection":[{"href":"https:\/\/diarioregionaldigital.com.br\/index.php?rest_route=\/wp\/v2\/posts"}],"about":[{"href":"https:\/\/diarioregionaldigital.com.br\/index.php?rest_route=\/wp\/v2\/types\/post"}],"author":[{"embeddable":true,"href":"https:\/\/diarioregionaldigital.com.br\/index.php?rest_route=\/wp\/v2\/users\/246"}],"replies":[{"embeddable":true,"href":"https:\/\/diarioregionaldigital.com.br\/index.php?rest_route=%2Fwp%2Fv2%2Fcomments&post=195245"}],"version-history":[{"count":1,"href":"https:\/\/diarioregionaldigital.com.br\/index.php?rest_route=\/wp\/v2\/posts\/195245\/revisions"}],"predecessor-version":[{"id":195247,"href":"https:\/\/diarioregionaldigital.com.br\/index.php?rest_route=\/wp\/v2\/posts\/195245\/revisions\/195247"}],"wp:featuredmedia":[{"embeddable":true,"href":"https:\/\/diarioregionaldigital.com.br\/index.php?rest_route=\/wp\/v2\/media\/195246"}],"wp:attachment":[{"href":"https:\/\/diarioregionaldigital.com.br\/index.php?rest_route=%2Fwp%2Fv2%2Fmedia&parent=195245"}],"wp:term":[{"taxonomy":"category","embeddable":true,"href":"https:\/\/diarioregionaldigital.com.br\/index.php?rest_route=%2Fwp%2Fv2%2Fcategories&post=195245"},{"taxonomy":"post_tag","embeddable":true,"href":"https:\/\/diarioregionaldigital.com.br\/index.php?rest_route=%2Fwp%2Fv2%2Ftags&post=195245"}],"curies":[{"name":"wp","href":"https:\/\/api.w.org\/{rel}","templated":true}]}}