{"id":195236,"date":"2022-02-18T14:16:40","date_gmt":"2022-02-18T17:16:40","guid":{"rendered":"https:\/\/diarioregionaldigital.com.br\/?p=195236"},"modified":"2022-02-18T14:16:40","modified_gmt":"2022-02-18T17:16:40","slug":"com-nene-artilheiro-vasco-derrota-bangu-no-campeonato-carioca","status":"publish","type":"post","link":"https:\/\/diarioregionaldigital.com.br\/?p=195236","title":{"rendered":"Com Nen\u00ea artilheiro, Vasco derrota Bangu no Campeonato Carioca"},"content":{"rendered":"<p>Com um gol do artilheiro Nen\u00ea, o Vasco derrotou o Bangu por 2 a 0, nesta quinta-feira (17) no est\u00e1dio de S\u00e3o Janu\u00e1rio, e se manteve na terceira posi\u00e7\u00e3o da classifica\u00e7\u00e3o da Ta\u00e7a Guanabara do Campeonato Brasileiro (com 16 pontos conquistados).<img decoding=\"async\" src=\"https:\/\/agenciabrasil.ebc.com.br\/ebc.png?id=1443062&amp;o=node\" \/><img decoding=\"async\" src=\"https:\/\/agenciabrasil.ebc.com.br\/ebc.gif?id=1443062&amp;o=node\" \/><\/p>\n<p>O triunfo do Cruzmaltino foi constru\u00eddo gra\u00e7as ao brilho de seu camisa 10. Ap\u00f3s um primeiro tempo sem gols, Nen\u00ea come\u00e7ou a decidir o confronto aos 14 minutos do segundo tempo, quando o meio-campista tocou de calcanhar para Raniel, que bateu de esquerda.<\/p>\n<p>Cinco minutos depois Nen\u00ea deixou o dele, em bela cobran\u00e7a de falta, da entrada da \u00e1rea, o que o levou \u00e0 artilharia da competi\u00e7\u00e3o, com 5 gols.<\/p>\n<p>O Vasco volta a jogar pela competi\u00e7\u00e3o no domingo (20), contra o Audax no est\u00e1dio Raulino de Oliveira, enquanto o Bangu pega o Nova Igua\u00e7u no mesmo dia.<\/p>\n<h2>Triunfo do Glorioso<\/h2>\n<p>Em partida realizada mais cedo nesta quinta, no est\u00e1dio Nilton Santos, o Botafogo bateu o Resende por 2 a 1, gra\u00e7as a gols de Matheus Nascimento e Erison (em cobran\u00e7a de p\u00eanalti), enquanto Jeffinho descontou para os visitantes.<\/p>\n<p>Com este resultado o Glorioso chegou aos 16 pontos, ocupando a quarta posi\u00e7\u00e3o da classifica\u00e7\u00e3o. J\u00e1 o Resende permanece na vice-lanterna (11\u00aa posi\u00e7\u00e3o) da competi\u00e7\u00e3o com 5 pontos.<\/p>\n<p>O Botafogo volta a entrar em campo na pr\u00f3xima quarta-feira (23), quando mede for\u00e7as com o Flamengo.<\/p>\n<p>Fonte: Ag\u00eancia Brasil<\/p>\n","protected":false},"excerpt":{"rendered":"<p>Com um gol do artilheiro Nen\u00ea, o Vasco derrotou o Bangu por 2 a 0, nesta quinta-feira (17) no est\u00e1dio de S\u00e3o Janu\u00e1rio, e se manteve na terceira posi\u00e7\u00e3o da classifica\u00e7\u00e3o da Ta\u00e7a Guanabara do Campeonato Brasileiro (com 16 pontos conquistados). O triunfo do Cruzmaltino foi constru\u00eddo gra\u00e7as ao brilho de seu camisa 10. Ap\u00f3s [&hellip;]<\/p>\n","protected":false},"author":246,"featured_media":195237,"comment_status":"closed","ping_status":"closed","sticky":false,"template":"","format":"standard","meta":{"footnotes":""},"categories":[436,257,439],"tags":[],"class_list":["post-195236","post","type-post","status-publish","format-standard","has-post-thumbnail","hentry","category-destaque-da-semana","category-esporte","category-ultima-hora"],"_links":{"self":[{"href":"https:\/\/diarioregionaldigital.com.br\/index.php?rest_route=\/wp\/v2\/posts\/195236","targetHints":{"allow":["GET"]}}],"collection":[{"href":"https:\/\/diarioregionaldigital.com.br\/index.php?rest_route=\/wp\/v2\/posts"}],"about":[{"href":"https:\/\/diarioregionaldigital.com.br\/index.php?rest_route=\/wp\/v2\/types\/post"}],"author":[{"embeddable":true,"href":"https:\/\/diarioregionaldigital.com.br\/index.php?rest_route=\/wp\/v2\/users\/246"}],"replies":[{"embeddable":true,"href":"https:\/\/diarioregionaldigital.com.br\/index.php?rest_route=%2Fwp%2Fv2%2Fcomments&post=195236"}],"version-history":[{"count":1,"href":"https:\/\/diarioregionaldigital.com.br\/index.php?rest_route=\/wp\/v2\/posts\/195236\/revisions"}],"predecessor-version":[{"id":195238,"href":"https:\/\/diarioregionaldigital.com.br\/index.php?rest_route=\/wp\/v2\/posts\/195236\/revisions\/195238"}],"wp:featuredmedia":[{"embeddable":true,"href":"https:\/\/diarioregionaldigital.com.br\/index.php?rest_route=\/wp\/v2\/media\/195237"}],"wp:attachment":[{"href":"https:\/\/diarioregionaldigital.com.br\/index.php?rest_route=%2Fwp%2Fv2%2Fmedia&parent=195236"}],"wp:term":[{"taxonomy":"category","embeddable":true,"href":"https:\/\/diarioregionaldigital.com.br\/index.php?rest_route=%2Fwp%2Fv2%2Fcategories&post=195236"},{"taxonomy":"post_tag","embeddable":true,"href":"https:\/\/diarioregionaldigital.com.br\/index.php?rest_route=%2Fwp%2Fv2%2Ftags&post=195236"}],"curies":[{"name":"wp","href":"https:\/\/api.w.org\/{rel}","templated":true}]}}