{"id":195227,"date":"2022-02-18T14:03:20","date_gmt":"2022-02-18T17:03:20","guid":{"rendered":"https:\/\/diarioregionaldigital.com.br\/?p=195227"},"modified":"2022-02-18T14:03:20","modified_gmt":"2022-02-18T17:03:20","slug":"custodiado-de-lavras-da-aulas-de-marcenaria-e-prepara-novos-profissionais","status":"publish","type":"post","link":"https:\/\/diarioregionaldigital.com.br\/?p=195227","title":{"rendered":"Custodiado de Lavras d\u00e1 aulas de marcenaria e prepara novos profissionais"},"content":{"rendered":"<p>Um marceneiro com uma d\u00e9cada de profiss\u00e3o\u00a0est\u00e1 ensinando\u00a0o of\u00edcio dentro do Pres\u00eddio de Lavras, no Sul de Minas. A oficina, especialmente montada para esta finalidade, \u00e9 realizada\u00a0pelo detento Rodrigo Leandro Barboza, de 28 anos, que se ofereceu para dar as aulas, formar marceneiros e, ao mesmo tempo, ajudar na produ\u00e7\u00e3o de m\u00f3veis para institui\u00e7\u00f5es assistenciais.<\/p>\n<p>A marcernaria da unidade prisional, montada no final de 2019,\u00a0tem 83 metros quadrados e foi planejada ap\u00f3s os servidores da \u00e1rea de atendimento aos presos tomarem conhecimento do curr\u00edculo de Rodrigo Barboza. As primeiras ferramentas chegaram por meio de doa\u00e7\u00e3o, como lixadeira e furadeira el\u00e9tricas; outras, foram emprestadas durante algum tempo.\u00a0A madeira \u00e9 doada por empres\u00e1rios de Lavras, que viram no projeto uma oportunidade de ajudar as institui\u00e7\u00f5es filantr\u00f3picas da regi\u00e3o.\u00a0\u00a0<br aria-hidden=\"true\" \/><br aria-hidden=\"true\" \/>Uma das primeiras produ\u00e7\u00f5es de m\u00f3veis, inclusive,\u00a0teve uma destina\u00e7\u00e3o especial, o Posto de Sa\u00fade na zona rural de Lavras, que recebeu tr\u00eas mesas com gavetas, tr\u00eas cadeiras de escrit\u00f3rio e os bancos da fila de espera.\u00a0\u00a0Desde ent\u00e3o, os pedidos de m\u00f3veis e as entregas n\u00e3o pararam mais. Dentre outras institui\u00e7\u00f5es beneficiadas est\u00e3o a Apae de Lavras, Casa do Vov\u00f4, Vale das B\u00ean\u00e7\u00e3os Church, Igreja Congrega\u00e7\u00e3o Crist\u00e3 no Brasil, Lar &amp; Vida (tratamento para c\u00e2ncer), ONG Animais Nossos Irm\u00e3os e Associa\u00e7\u00e3o Nazareno de Prote\u00e7\u00e3o \u00e0 Crian\u00e7a e ao Adolescente.\u00a0<br aria-hidden=\"true\" \/><br aria-hidden=\"true\" \/><strong>Desafios\u00a0\u00a0<\/strong><\/p>\n<p>Dificuldades e limita\u00e7\u00e3o de ferramentas tornaram-se um incentivo para o professor de marcenaria, nos primeiros meses de atividades no pres\u00eddio. \u201cDescobri aqui, que com pouco posso fazer muito. Agora, tenho certeza do meu potencial. Quando tiver liberdade vou montar meu pr\u00f3prio neg\u00f3cio\u201d, revela Rodrigo Barboza. Para ele, ensinar \u00e9 muito gratificante, pois significa dar esperan\u00e7a de um futuro melhor, uma chance de os colegas conseguirem um trabalho.<\/p>\n<p>As aulas seguem um cronograma, partindo dos servi\u00e7os mais elementares, como lixar e pintar, at\u00e9 os mais dif\u00edceis, como cortar e montar os m\u00f3veis. Para tanto, foi montada por Rodrigo Barboza uma apostila com aulas te\u00f3ricas e pr\u00e1ticas, com o intuito de ajudar na forma\u00e7\u00e3o dos novos marceneiros.<\/p>\n<p><strong>Comportamento\u00a0\u00a0<\/strong><\/p>\n<p>Para o subdiretor do Pres\u00eddio de Lavras, F\u00e1bio Pereira Marcos, a marcenaria \u00e9 atraente para os presos porque oferece a oportunidade de aprender uma profiss\u00e3o. \u201cOs presos trabalham num ambiente espa\u00e7oso e mant\u00e9m suas mentes ocupadas na fabrica\u00e7\u00e3o de pe\u00e7as \u00fateis para a sociedade. O resultado \u00e9 satisfa\u00e7\u00e3o e aumento da autoestima\u201d, garante.<\/p>\n<p>No momento, est\u00e3o sendo produzidas pe\u00e7as-modelo para serem expostas na sede do\u00a0<a href=\"http:\/\/www.depen.seguranca.mg.gov.br\/\" target=\"_blank\" rel=\"noopener noreferrer\" data-auth=\"NotApplicable\" data-linkindex=\"0\">Departamento Penitenci\u00e1rio<\/a>, em Belo Horizonte. Tamb\u00e9m est\u00e3o come\u00e7ando a produzir mesas, cadeiras e brinquedos pedag\u00f3gicos para uma institui\u00e7\u00e3o filantr\u00f3pica, respons\u00e1vel por cuidar de crian\u00e7as carentes na vizinha cidade de Perd\u00f5es.<\/p>\n<p>Fonte: Ag\u00eancia Minas<\/p>\n","protected":false},"excerpt":{"rendered":"<p>Um marceneiro com uma d\u00e9cada de profiss\u00e3o\u00a0est\u00e1 ensinando\u00a0o of\u00edcio dentro do Pres\u00eddio de Lavras, no Sul de Minas. A oficina, especialmente montada para esta finalidade, \u00e9 realizada\u00a0pelo detento Rodrigo Leandro Barboza, de 28 anos, que se ofereceu para dar as aulas, formar marceneiros e, ao mesmo tempo, ajudar na produ\u00e7\u00e3o de m\u00f3veis para institui\u00e7\u00f5es assistenciais. [&hellip;]<\/p>\n","protected":false},"author":246,"featured_media":195228,"comment_status":"closed","ping_status":"closed","sticky":false,"template":"","format":"standard","meta":{"footnotes":""},"categories":[436,254,439],"tags":[],"class_list":["post-195227","post","type-post","status-publish","format-standard","has-post-thumbnail","hentry","category-destaque-da-semana","category-politica","category-ultima-hora"],"_links":{"self":[{"href":"https:\/\/diarioregionaldigital.com.br\/index.php?rest_route=\/wp\/v2\/posts\/195227","targetHints":{"allow":["GET"]}}],"collection":[{"href":"https:\/\/diarioregionaldigital.com.br\/index.php?rest_route=\/wp\/v2\/posts"}],"about":[{"href":"https:\/\/diarioregionaldigital.com.br\/index.php?rest_route=\/wp\/v2\/types\/post"}],"author":[{"embeddable":true,"href":"https:\/\/diarioregionaldigital.com.br\/index.php?rest_route=\/wp\/v2\/users\/246"}],"replies":[{"embeddable":true,"href":"https:\/\/diarioregionaldigital.com.br\/index.php?rest_route=%2Fwp%2Fv2%2Fcomments&post=195227"}],"version-history":[{"count":1,"href":"https:\/\/diarioregionaldigital.com.br\/index.php?rest_route=\/wp\/v2\/posts\/195227\/revisions"}],"predecessor-version":[{"id":195229,"href":"https:\/\/diarioregionaldigital.com.br\/index.php?rest_route=\/wp\/v2\/posts\/195227\/revisions\/195229"}],"wp:featuredmedia":[{"embeddable":true,"href":"https:\/\/diarioregionaldigital.com.br\/index.php?rest_route=\/wp\/v2\/media\/195228"}],"wp:attachment":[{"href":"https:\/\/diarioregionaldigital.com.br\/index.php?rest_route=%2Fwp%2Fv2%2Fmedia&parent=195227"}],"wp:term":[{"taxonomy":"category","embeddable":true,"href":"https:\/\/diarioregionaldigital.com.br\/index.php?rest_route=%2Fwp%2Fv2%2Fcategories&post=195227"},{"taxonomy":"post_tag","embeddable":true,"href":"https:\/\/diarioregionaldigital.com.br\/index.php?rest_route=%2Fwp%2Fv2%2Ftags&post=195227"}],"curies":[{"name":"wp","href":"https:\/\/api.w.org\/{rel}","templated":true}]}}