{"id":195224,"date":"2022-02-18T14:01:49","date_gmt":"2022-02-18T17:01:49","guid":{"rendered":"https:\/\/diarioregionaldigital.com.br\/?p=195224"},"modified":"2022-02-18T14:01:49","modified_gmt":"2022-02-18T17:01:49","slug":"cemig-estende-campanha-de-negociacao-de-debitos-ate-4-3","status":"publish","type":"post","link":"https:\/\/diarioregionaldigital.com.br\/?p=195224","title":{"rendered":"Cemig estende Campanha de Negocia\u00e7\u00e3o de D\u00e9bitos at\u00e9 4\/3"},"content":{"rendered":"<p>Devido \u00e0 grande procura por parte dos clientes, a\u00a0<a href=\"https:\/\/www.cemig.com.br\/\">Cemig<\/a><a href=\"https:\/\/www.cemig.com.br\/\" target=\"_blank\" rel=\"noopener\">\u00a0<\/a>prorroga, at\u00e9 o dia 4\/3, a Campanha de Negocia\u00e7\u00e3o de D\u00e9bitos. A a\u00e7\u00e3o busca atender a todos os consumidores, com aten\u00e7\u00e3o especial a fam\u00edlias afetadas pelas fortes tempestades que atingem Minas Gerais desde o in\u00edcio do ano.<\/p>\n<p>A iniciativa direcionada a clientes residenciais, comerciais e prestadores de servi\u00e7o atendidos em baixa tens\u00e3o (at\u00e9 220 volts) permite solicitar o parcelamento das contas de energia atrasadas em at\u00e9 12 vezes sem juros. Al\u00e9m disso, os cadastrados no Programa Federal de Tarifa Social de Energia El\u00e9trica podem aproveitar as condi\u00e7\u00f5es ainda mais especiais e pagar em at\u00e9 24 parcelas mensais, sem juros.<\/p>\n<p>Para ser contemplado com as condi\u00e7\u00f5es especiais de negocia\u00e7\u00e3o, basta o cliente se cadastrar para recebimento da conta de luz por e-mail no momento da negocia\u00e7\u00e3o, por meio do Cemig Atende Web. \u00c9 importante destacar que s\u00f3 \u00e9 poss\u00edvel fazer essa op\u00e7\u00e3o nos casos em que n\u00e3o haja parcelamentos vigentes.<\/p>\n<p><strong>Nova data<\/strong><\/p>\n<p>A Campanha de Negocia\u00e7\u00e3o de D\u00e9bitos da Cemig est\u00e1 aberta desde meados de dezembro do ano passado. Em fun\u00e7\u00e3o das fortes chuvas que vem castigando o estado desde o in\u00edcio de 2022, a empresa lan\u00e7ou a campanha para contemplar principalmente os atingidos pelas tempestades e decidiu prorrog\u00e1-la at\u00e9 o in\u00edcio de mar\u00e7o.\u00a0 Desta forma, \u00e9 a segunda vez que a iniciativa \u00e9 estendida para beneficiar ainda mais clientes.<\/p>\n<p>\u201cA inten\u00e7\u00e3o da Cemig \u00e9 atingir o maior n\u00famero de clientes com a Campanha de Negocia\u00e7\u00e3o de D\u00e9bitos e permitir que eles possam negociar com a companhia valor que fique dentro do or\u00e7amento familiar. Com essa nova prorroga\u00e7\u00e3o, acreditamos que mais pessoas possam se beneficiar dessas condi\u00e7\u00f5es especiais\u201d, explica o gerente de Arrecada\u00e7\u00e3o e Adimpl\u00eancia da Cemig, Wellington Fazzi Cancian.<\/p>\n<p>Para aderir \u00e0 negocia\u00e7\u00e3o e ficar em dia com a Cemig, os clientes podem fazer o parcelamento das contas de energia atrasadas em at\u00e9 12 vezes sem juros em seus canais digitais. Para esse benef\u00edcio, basta acessar o canal de atendimento Cemig Atende Web, ou WhatsApp (31-3506-1160). Nesta condi\u00e7\u00e3o, o cliente n\u00e3o poder\u00e1 possuir parcelamentos vigentes.<\/p>\n<p>Outra op\u00e7\u00e3o de pagamento das contas em atraso em at\u00e9 12 vezes sem juros \u00e9 por meio do cart\u00e3o de cr\u00e9dito, tanto no Cemig Atende Web quanto no WhatsApp (mande um \u201coi\u201d para 31-3506-1160, e em seguida digite \u201cpagamento\u201d e siga as instru\u00e7\u00f5es.). Nesta op\u00e7\u00e3o, os clientes podem apresentar parcelamento ativo com a companhia.<\/p>\n<p><strong>Como parcelar\u00a0\u00a0\u00a0\u00a0\u00a0\u00a0<\/strong><\/p>\n<p>As op\u00e7\u00f5es de parcelamento est\u00e3o dispon\u00edveis no Cemig Atende Web, que pode ser acessado no site da companhia (<a href=\"https:\/\/www.agenciaminas.mg.gov.br\/noticia\/www.cemig.com.br\" target=\"_blank\" rel=\"noopener\">www.cemig.com.br<\/a>), ou por meio de contato pelo WhatsApp (31 3506-1160), em que o cliente deve enviar um \u201coi\u201d e digitar \u201cparcelamento\u201d.<\/p>\n<p>Pelo portal Cemig, basta realizar o login, selecionar a instala\u00e7\u00e3o que possui d\u00e9bito em aberto e, posteriormente, o servi\u00e7o \u201cSegunda Via e Pagamento de Contas\u201d. Em seguida, o cliente poder\u00e1 verificar se existe a op\u00e7\u00e3o de sele\u00e7\u00e3o de d\u00e9bitos e a possibilidade de realizar o pagamento com a utiliza\u00e7\u00e3o de cart\u00e3o de cr\u00e9dito. Lembrando que, caso o cliente n\u00e3o possua parcelamento ativo, estar\u00e1 dispon\u00edvel a op\u00e7\u00e3o de parcelamento em at\u00e9 12x sem juros.<\/p>\n<p>&#8220;Na hora de efetuar o pagamento, sugerimos a utiliza\u00e7\u00e3o preferencial do c\u00f3digo PIX e por meio dos canais banc\u00e1rios digitais. Al\u00e9m disso, recomendamos que as pessoas aproveitem a oportunidade e coloquem sua fatura no d\u00e9bito autom\u00e1tico pelos pr\u00f3prios canais da Cemig. \u00c9 r\u00e1pido, f\u00e1cil e seguro&#8221;, comenta Wellington Cancian.<\/p>\n<p>O cliente pode realizar o cadastro para d\u00e9bito autom\u00e1tico em banco de prefer\u00eancia, utilizando o c\u00f3digo dispon\u00edvel na pr\u00f3pria fatura. O procedimento \u00e9 simples e precisa ser realizado uma \u00fanica vez. Clientes dos bancos Santander, Ita\u00fa, Banco do Brasil, Sicoob, Bradesco, Mercantil e Nordeste podem realizar o cadastro diretamente nos canais de atendimento Cemig.<\/p>\n<p>\u201c\u00c9 importante que os interessados consultem as condi\u00e7\u00f5es de parcelamento e deem prefer\u00eancia aos nossos canais digitais, alternativa em que as condi\u00e7\u00f5es s\u00e3o mais facilitadas e o atendimento mais \u00e1gil&#8221;, completa Cancian.<\/p>\n<p>Fonte: Ag\u00eancia Minas<\/p>\n","protected":false},"excerpt":{"rendered":"<p>Devido \u00e0 grande procura por parte dos clientes, a\u00a0Cemig\u00a0prorroga, at\u00e9 o dia 4\/3, a Campanha de Negocia\u00e7\u00e3o de D\u00e9bitos. A a\u00e7\u00e3o busca atender a todos os consumidores, com aten\u00e7\u00e3o especial a fam\u00edlias afetadas pelas fortes tempestades que atingem Minas Gerais desde o in\u00edcio do ano. A iniciativa direcionada a clientes residenciais, comerciais e prestadores de [&hellip;]<\/p>\n","protected":false},"author":246,"featured_media":195225,"comment_status":"closed","ping_status":"closed","sticky":false,"template":"","format":"standard","meta":{"footnotes":""},"categories":[436,254,439],"tags":[],"class_list":["post-195224","post","type-post","status-publish","format-standard","has-post-thumbnail","hentry","category-destaque-da-semana","category-politica","category-ultima-hora"],"_links":{"self":[{"href":"https:\/\/diarioregionaldigital.com.br\/index.php?rest_route=\/wp\/v2\/posts\/195224","targetHints":{"allow":["GET"]}}],"collection":[{"href":"https:\/\/diarioregionaldigital.com.br\/index.php?rest_route=\/wp\/v2\/posts"}],"about":[{"href":"https:\/\/diarioregionaldigital.com.br\/index.php?rest_route=\/wp\/v2\/types\/post"}],"author":[{"embeddable":true,"href":"https:\/\/diarioregionaldigital.com.br\/index.php?rest_route=\/wp\/v2\/users\/246"}],"replies":[{"embeddable":true,"href":"https:\/\/diarioregionaldigital.com.br\/index.php?rest_route=%2Fwp%2Fv2%2Fcomments&post=195224"}],"version-history":[{"count":1,"href":"https:\/\/diarioregionaldigital.com.br\/index.php?rest_route=\/wp\/v2\/posts\/195224\/revisions"}],"predecessor-version":[{"id":195226,"href":"https:\/\/diarioregionaldigital.com.br\/index.php?rest_route=\/wp\/v2\/posts\/195224\/revisions\/195226"}],"wp:featuredmedia":[{"embeddable":true,"href":"https:\/\/diarioregionaldigital.com.br\/index.php?rest_route=\/wp\/v2\/media\/195225"}],"wp:attachment":[{"href":"https:\/\/diarioregionaldigital.com.br\/index.php?rest_route=%2Fwp%2Fv2%2Fmedia&parent=195224"}],"wp:term":[{"taxonomy":"category","embeddable":true,"href":"https:\/\/diarioregionaldigital.com.br\/index.php?rest_route=%2Fwp%2Fv2%2Fcategories&post=195224"},{"taxonomy":"post_tag","embeddable":true,"href":"https:\/\/diarioregionaldigital.com.br\/index.php?rest_route=%2Fwp%2Fv2%2Ftags&post=195224"}],"curies":[{"name":"wp","href":"https:\/\/api.w.org\/{rel}","templated":true}]}}