{"id":195215,"date":"2022-02-18T13:42:30","date_gmt":"2022-02-18T16:42:30","guid":{"rendered":"https:\/\/diarioregionaldigital.com.br\/?p=195215"},"modified":"2022-02-18T13:42:30","modified_gmt":"2022-02-18T16:42:30","slug":"caixa-paga-auxilio-brasil-a-beneficiarios-com-nis-final-5","status":"publish","type":"post","link":"https:\/\/diarioregionaldigital.com.br\/?p=195215","title":{"rendered":"Caixa paga Aux\u00edlio Brasil a benefici\u00e1rios com NIS final 5"},"content":{"rendered":"<p>A Caixa Econ\u00f4mica Federal paga\u00a0hoje\u00a0(17) a parcela\u00a0de fevereiro\u00a0do Aux\u00edlio Brasil aos benefici\u00e1rios com N\u00famero de Inscri\u00e7\u00e3o Social (NIS) de\u00a0final 5. O valor m\u00ednimo \u00e9 R$ 400. As datas seguir\u00e3o o modelo do Bolsa Fam\u00edlia, que pagava os benefici\u00e1rios nos dez \u00faltimos dias \u00fateis do m\u00eas.<img decoding=\"async\" src=\"https:\/\/agenciabrasil.ebc.com.br\/ebc.png?id=1443074&amp;o=node\" \/><img decoding=\"async\" src=\"https:\/\/agenciabrasil.ebc.com.br\/ebc.gif?id=1443074&amp;o=node\" \/><\/p>\n<p>O benefici\u00e1rio poder\u00e1 consultar informa\u00e7\u00f5es sobre datas de pagamento, valor do benef\u00edcio e composi\u00e7\u00e3o das parcelas em dois aplicativos: Aux\u00edlio Brasil, desenvolvido para o programa social, e Caixa Tem, usado para acompanhar as contas poupan\u00e7a digitais do banco.<\/p>\n<p>Atualmente, 17,5 milh\u00f5es de fam\u00edlias s\u00e3o atendidas pelo programa. No in\u00edcio do ano, 3 milh\u00f5es foram inclu\u00eddas no Aux\u00edlio Brasil.<\/p>\n<p>A lei que criou o programa definiu que a mulher respons\u00e1vel pela fam\u00edlia\u00a0tem\u00a0prefer\u00eancia, assim como mulheres v\u00edtimas de viol\u00eancia\u00a0dom\u00e9stica.<\/p>\n<h2>Benef\u00edcios b\u00e1sicos<\/h2>\n<p>O Aux\u00edlio Brasil tem tr\u00eas benef\u00edcios b\u00e1sicos e seis suplementares, que podem ser adicionados caso o benefici\u00e1rio consiga emprego ou tenha filho que se destaque em competi\u00e7\u00f5es esportivas, cient\u00edficas e acad\u00eamicas.<\/p>\n<p>Podem receber o benef\u00edcio as fam\u00edlias com renda\u00a0<em>per capita<\/em>\u00a0at\u00e9 R$ 100, consideradas em situa\u00e7\u00e3o de extrema pobreza, e at\u00e9 R$ 200, em condi\u00e7\u00e3o de pobreza.<\/p>\n<p>A\u00a0<strong>Ag\u00eancia Brasil<\/strong>\u00a0elaborou\u00a0<a href=\"http:\/\/agenciabrasil.ebc.com.br\/economia\/noticia\/2021-11\/agencia-brasil-explica-como-vai-funcionar-o-auxilio-brasil\" target=\"_blank\" rel=\"noopener\">guia de perguntas e respostas<\/a>\u00a0sobre o Aux\u00edlio Brasil. Entre as d\u00favidas que o benefici\u00e1rio pode tirar est\u00e3o crit\u00e9rios para integrar o programa social, nove tipos diferentes de benef\u00edcios e o que ocorreu com o Bolsa Fam\u00edlia e o aux\u00edlio emergencial, que vigoraram at\u00e9 outubro.<\/p>\n<p>Neste m\u00eas, n\u00e3o haver\u00e1 o pagamento do Aux\u00edlio G\u00e1s, que beneficiar\u00e1 5,5 milh\u00f5es de fam\u00edlias at\u00e9 o fim de 2026. O benef\u00edcio, que equivale a 50% do pre\u00e7o m\u00e9dio do botij\u00e3o de 13 quilos, s\u00f3 \u00e9 pago a cada dois meses e retornar\u00e1 em mar\u00e7o.<\/p>\n<p>Fonte: Ag\u00eancia Brasil<\/p>\n","protected":false},"excerpt":{"rendered":"<p>A Caixa Econ\u00f4mica Federal paga\u00a0hoje\u00a0(17) a parcela\u00a0de fevereiro\u00a0do Aux\u00edlio Brasil aos benefici\u00e1rios com N\u00famero de Inscri\u00e7\u00e3o Social (NIS) de\u00a0final 5. O valor m\u00ednimo \u00e9 R$ 400. As datas seguir\u00e3o o modelo do Bolsa Fam\u00edlia, que pagava os benefici\u00e1rios nos dez \u00faltimos dias \u00fateis do m\u00eas. O benefici\u00e1rio poder\u00e1 consultar informa\u00e7\u00f5es sobre datas de pagamento, valor [&hellip;]<\/p>\n","protected":false},"author":246,"featured_media":195216,"comment_status":"closed","ping_status":"closed","sticky":false,"template":"","format":"standard","meta":{"footnotes":""},"categories":[436,261,439],"tags":[],"class_list":["post-195215","post","type-post","status-publish","format-standard","has-post-thumbnail","hentry","category-destaque-da-semana","category-economia","category-ultima-hora"],"_links":{"self":[{"href":"https:\/\/diarioregionaldigital.com.br\/index.php?rest_route=\/wp\/v2\/posts\/195215","targetHints":{"allow":["GET"]}}],"collection":[{"href":"https:\/\/diarioregionaldigital.com.br\/index.php?rest_route=\/wp\/v2\/posts"}],"about":[{"href":"https:\/\/diarioregionaldigital.com.br\/index.php?rest_route=\/wp\/v2\/types\/post"}],"author":[{"embeddable":true,"href":"https:\/\/diarioregionaldigital.com.br\/index.php?rest_route=\/wp\/v2\/users\/246"}],"replies":[{"embeddable":true,"href":"https:\/\/diarioregionaldigital.com.br\/index.php?rest_route=%2Fwp%2Fv2%2Fcomments&post=195215"}],"version-history":[{"count":1,"href":"https:\/\/diarioregionaldigital.com.br\/index.php?rest_route=\/wp\/v2\/posts\/195215\/revisions"}],"predecessor-version":[{"id":195217,"href":"https:\/\/diarioregionaldigital.com.br\/index.php?rest_route=\/wp\/v2\/posts\/195215\/revisions\/195217"}],"wp:featuredmedia":[{"embeddable":true,"href":"https:\/\/diarioregionaldigital.com.br\/index.php?rest_route=\/wp\/v2\/media\/195216"}],"wp:attachment":[{"href":"https:\/\/diarioregionaldigital.com.br\/index.php?rest_route=%2Fwp%2Fv2%2Fmedia&parent=195215"}],"wp:term":[{"taxonomy":"category","embeddable":true,"href":"https:\/\/diarioregionaldigital.com.br\/index.php?rest_route=%2Fwp%2Fv2%2Fcategories&post=195215"},{"taxonomy":"post_tag","embeddable":true,"href":"https:\/\/diarioregionaldigital.com.br\/index.php?rest_route=%2Fwp%2Fv2%2Ftags&post=195215"}],"curies":[{"name":"wp","href":"https:\/\/api.w.org\/{rel}","templated":true}]}}