{"id":195206,"date":"2022-02-18T13:34:39","date_gmt":"2022-02-18T16:34:39","guid":{"rendered":"https:\/\/diarioregionaldigital.com.br\/?p=195206"},"modified":"2022-02-18T13:34:39","modified_gmt":"2022-02-18T16:34:39","slug":"cnc-intencao-de-consumo-das-familias-tem-ligeira-alta-em-fevereiro","status":"publish","type":"post","link":"https:\/\/diarioregionaldigital.com.br\/?p=195206","title":{"rendered":"CNC: inten\u00e7\u00e3o de consumo das fam\u00edlias tem ligeira alta em fevereiro"},"content":{"rendered":"<p>O indicador de Inten\u00e7\u00e3o de Consumo das Fam\u00edlias (ICF) subiu 0,4% e chegou a 77,6 pontos em fevereiro, o maior n\u00edvel desde maio de 2020, quando o ICF estava em 81,7 pontos. Os dados foram divulgados hoje (18) pela Confedera\u00e7\u00e3o Nacional do Com\u00e9rcio de Bens, Servi\u00e7os e Turismo (CNC). Na compara\u00e7\u00e3o com fevereiro de 2021, o aumento foi de 4,6%. Segundo a CNC, o indicador est\u00e1 abaixo do n\u00edvel de satisfa\u00e7\u00e3o, de 100 pontos, desde abril de 2015, quando ficou em 102,9 pontos.<img decoding=\"async\" src=\"https:\/\/agenciabrasil.ebc.com.br\/ebc.png?id=1443196&amp;o=node\" \/><img decoding=\"async\" src=\"https:\/\/agenciabrasil.ebc.com.br\/ebc.gif?id=1443196&amp;o=node\" \/><\/p>\n<p>Por faixa de renda, as fam\u00edlias que ganham acima de dez sal\u00e1rios m\u00ednimos indicaram n\u00edvel de insatisfa\u00e7\u00e3o de 94,5 pontos, uma queda de -0,6% no m\u00eas e alta de 10,5% na compara\u00e7\u00e3o anual. O indicador para as fam\u00edlias com renda abaixo de dez sal\u00e1rios m\u00ednimos subiu 0,7%, atingindo 74,0 pontos. Na compara\u00e7\u00e3o anual, houve alta de 2,9%.<\/p>\n<p>Entre as regi\u00f5es, o Norte teve a \u00fanica queda mensal de fevereiro, com -1,2%, apresentando tamb\u00e9m o menor indicador, com 58,3 pontos. A maior alta ocorreu no Sul, com 1,9%, onde as fam\u00edlias est\u00e3o mais confiantes, com 87,7 pontos.<\/p>\n<h2>Momento atual<\/h2>\n<p>O indicador do emprego atual mostrou que 35,1% dos entrevistados se sentiu t\u00e3o segura quanto no ano passado, uma propor\u00e7\u00e3o menor do que o registrado em janeiro, quando eram 35,6%. A propor\u00e7\u00e3o foi maior do que em fevereiro de 2021 (32,0%). A parcela que se sente mais segura com o emprego aumentou de 25,2% em janeiro para 26,8%, alta que ocorre desde agosto. O emprego atual atingiu 99,6 pontos, o maior indicador da pesquisa em fevereiro e tamb\u00e9m o maior n\u00edvel desde maio de 2020, quando chegou a 101,7 pontos.<\/p>\n<p>A renda atual foi considerada igual \u00e0 do ano passado 41,0%, abaixo dos 41,4% de janeiro e acima dos 39,1% de fevereiro de 2021. A melhora na renda foi percebida por 21,7% este m\u00eas, ante 20,4% em janeiro, sendo o maior percentual desde junho de 2020 (21,9%). O indicador ficou em 84,9 pontos, o maior n\u00edvel desde maio de 2020, quando estava em 97,6 pontos.<\/p>\n<h2>Consumo<\/h2>\n<p>O acesso ao cr\u00e9dito teve percep\u00e7\u00e3o de piora para 42,4%, ante 42,9% no m\u00eas anterior e 40,2% em fevereiro de 2021, atingindo 80,9 pontos. O n\u00edvel de consumo atual foi menor do que no ano passado para 53,6%, propor\u00e7\u00e3o menor do que os 54,1% de janeiro e os 57,3% registrados em fevereiro de 2021. Com isso, o indicador alcan\u00e7ou 62,4 pontos.<\/p>\n<p>A parcela de consumidores que acredita ser um momento negativo para a compra de bens dur\u00e1veis ficou em 75,4%, acima dos 75,0% observados no m\u00eas anterior e dos 73,6% em fevereiro de 2021, chegando ao n\u00edvel de 43,5 pontos, o menor \u00edndice da pesquisa no m\u00eas.<\/p>\n<p>Entre as fam\u00edlias pesquisadas, 48,9% demonstrou uma perspectiva profissional negativa em fevereiro, abaixo do 50,3% no m\u00eas anterior e do 50,8% de fevereiro de 2021. A tend\u00eancia de redu\u00e7\u00e3o come\u00e7ou em julho de 2021, com o item atingindo 90,8 pontos.<\/p>\n<p>Quanto \u00e0 perspectiva de consumo, 47,1% das fam\u00edlias disse acreditar que vai reduzir as compras nos pr\u00f3ximos tr\u00eas meses, sendo a menor taxa desde abril de 2020, quando a propor\u00e7\u00e3o era de 39,5%. Mesmo assim, segundo a CNC, o indicador revela uma percep\u00e7\u00e3o positiva em rela\u00e7\u00e3o ao consumo atual para os pr\u00f3ximos meses, com 80,9 pontos.<\/p>\n<p>Fonte: Ag\u00eancia Brasil<\/p>\n","protected":false},"excerpt":{"rendered":"<p>O indicador de Inten\u00e7\u00e3o de Consumo das Fam\u00edlias (ICF) subiu 0,4% e chegou a 77,6 pontos em fevereiro, o maior n\u00edvel desde maio de 2020, quando o ICF estava em 81,7 pontos. Os dados foram divulgados hoje (18) pela Confedera\u00e7\u00e3o Nacional do Com\u00e9rcio de Bens, Servi\u00e7os e Turismo (CNC). Na compara\u00e7\u00e3o com fevereiro de 2021, [&hellip;]<\/p>\n","protected":false},"author":246,"featured_media":195207,"comment_status":"closed","ping_status":"closed","sticky":false,"template":"","format":"standard","meta":{"footnotes":""},"categories":[436,440,261,439],"tags":[],"class_list":["post-195206","post","type-post","status-publish","format-standard","has-post-thumbnail","hentry","category-destaque-da-semana","category-destaques-do-dia","category-economia","category-ultima-hora"],"_links":{"self":[{"href":"https:\/\/diarioregionaldigital.com.br\/index.php?rest_route=\/wp\/v2\/posts\/195206","targetHints":{"allow":["GET"]}}],"collection":[{"href":"https:\/\/diarioregionaldigital.com.br\/index.php?rest_route=\/wp\/v2\/posts"}],"about":[{"href":"https:\/\/diarioregionaldigital.com.br\/index.php?rest_route=\/wp\/v2\/types\/post"}],"author":[{"embeddable":true,"href":"https:\/\/diarioregionaldigital.com.br\/index.php?rest_route=\/wp\/v2\/users\/246"}],"replies":[{"embeddable":true,"href":"https:\/\/diarioregionaldigital.com.br\/index.php?rest_route=%2Fwp%2Fv2%2Fcomments&post=195206"}],"version-history":[{"count":1,"href":"https:\/\/diarioregionaldigital.com.br\/index.php?rest_route=\/wp\/v2\/posts\/195206\/revisions"}],"predecessor-version":[{"id":195208,"href":"https:\/\/diarioregionaldigital.com.br\/index.php?rest_route=\/wp\/v2\/posts\/195206\/revisions\/195208"}],"wp:featuredmedia":[{"embeddable":true,"href":"https:\/\/diarioregionaldigital.com.br\/index.php?rest_route=\/wp\/v2\/media\/195207"}],"wp:attachment":[{"href":"https:\/\/diarioregionaldigital.com.br\/index.php?rest_route=%2Fwp%2Fv2%2Fmedia&parent=195206"}],"wp:term":[{"taxonomy":"category","embeddable":true,"href":"https:\/\/diarioregionaldigital.com.br\/index.php?rest_route=%2Fwp%2Fv2%2Fcategories&post=195206"},{"taxonomy":"post_tag","embeddable":true,"href":"https:\/\/diarioregionaldigital.com.br\/index.php?rest_route=%2Fwp%2Fv2%2Ftags&post=195206"}],"curies":[{"name":"wp","href":"https:\/\/api.w.org\/{rel}","templated":true}]}}