{"id":195203,"date":"2022-02-18T13:23:03","date_gmt":"2022-02-18T16:23:03","guid":{"rendered":"https:\/\/diarioregionaldigital.com.br\/?p=195203"},"modified":"2022-02-18T13:23:03","modified_gmt":"2022-02-18T16:23:03","slug":"policia-militar-prende-autor-de-trafico-de-drogas-no-bairro-jardim-natal","status":"publish","type":"post","link":"https:\/\/diarioregionaldigital.com.br\/?p=195203","title":{"rendered":"Pol\u00edcia Militar prende autor de tr\u00e1fico de drogas no bairro Jardim Natal"},"content":{"rendered":"<p>No dia 17fev22 por volta das 11h19min, durante Opera\u00e7\u00e3o Batida Policial desencadeada pela Pol\u00edcia Militar um suspeito foi abordado na Rua Jos\u00e9 Nunes Pereira no bairro Jardim Natal, apesar da tentiva de fuga. Durante a abordagem uma sacola contendo materiais relacionados ao tr\u00e1fico de drogas foi encontrada. Em continuidade \u00e0 a\u00e7\u00e3o, com apoio do c\u00e3o policial Airon, escondidos na vegeta\u00e7\u00e3o tamb\u00e9m foram encontrados mais materiais. Ao todo foram apreendidos: R$ 321,00 em moeda corrente, 54 pedras de crack, 15 microtubos de coca\u00edna, 38 buchas de maconha, 10 por\u00e7\u00f5es de maconha e 03 tabletes de maconha. O autor de 31 anos, j\u00e1 conhecido no meio policial pela pr\u00e1tica do crime, foi preso e conduzido \u00e0 Delegacia.<\/p>\n","protected":false},"excerpt":{"rendered":"<p>No dia 17fev22 por volta das 11h19min, durante Opera\u00e7\u00e3o Batida Policial desencadeada pela Pol\u00edcia Militar um suspeito foi abordado na Rua Jos\u00e9 Nunes Pereira no bairro Jardim Natal, apesar da tentiva de fuga. Durante a abordagem uma sacola contendo materiais relacionados ao tr\u00e1fico de drogas foi encontrada. Em continuidade \u00e0 a\u00e7\u00e3o, com apoio do c\u00e3o [&hellip;]<\/p>\n","protected":false},"author":246,"featured_media":195204,"comment_status":"closed","ping_status":"closed","sticky":false,"template":"","format":"standard","meta":{"footnotes":""},"categories":[301,436,439],"tags":[],"class_list":["post-195203","post","type-post","status-publish","format-standard","has-post-thumbnail","hentry","category-artigos-policiais","category-destaque-da-semana","category-ultima-hora"],"_links":{"self":[{"href":"https:\/\/diarioregionaldigital.com.br\/index.php?rest_route=\/wp\/v2\/posts\/195203","targetHints":{"allow":["GET"]}}],"collection":[{"href":"https:\/\/diarioregionaldigital.com.br\/index.php?rest_route=\/wp\/v2\/posts"}],"about":[{"href":"https:\/\/diarioregionaldigital.com.br\/index.php?rest_route=\/wp\/v2\/types\/post"}],"author":[{"embeddable":true,"href":"https:\/\/diarioregionaldigital.com.br\/index.php?rest_route=\/wp\/v2\/users\/246"}],"replies":[{"embeddable":true,"href":"https:\/\/diarioregionaldigital.com.br\/index.php?rest_route=%2Fwp%2Fv2%2Fcomments&post=195203"}],"version-history":[{"count":1,"href":"https:\/\/diarioregionaldigital.com.br\/index.php?rest_route=\/wp\/v2\/posts\/195203\/revisions"}],"predecessor-version":[{"id":195205,"href":"https:\/\/diarioregionaldigital.com.br\/index.php?rest_route=\/wp\/v2\/posts\/195203\/revisions\/195205"}],"wp:featuredmedia":[{"embeddable":true,"href":"https:\/\/diarioregionaldigital.com.br\/index.php?rest_route=\/wp\/v2\/media\/195204"}],"wp:attachment":[{"href":"https:\/\/diarioregionaldigital.com.br\/index.php?rest_route=%2Fwp%2Fv2%2Fmedia&parent=195203"}],"wp:term":[{"taxonomy":"category","embeddable":true,"href":"https:\/\/diarioregionaldigital.com.br\/index.php?rest_route=%2Fwp%2Fv2%2Fcategories&post=195203"},{"taxonomy":"post_tag","embeddable":true,"href":"https:\/\/diarioregionaldigital.com.br\/index.php?rest_route=%2Fwp%2Fv2%2Ftags&post=195203"}],"curies":[{"name":"wp","href":"https:\/\/api.w.org\/{rel}","templated":true}]}}