{"id":195189,"date":"2022-02-17T20:36:44","date_gmt":"2022-02-17T23:36:44","guid":{"rendered":"https:\/\/diarioregionaldigital.com.br\/?p=195189"},"modified":"2022-02-17T20:36:44","modified_gmt":"2022-02-17T23:36:44","slug":"prefeita-realiza-visitas-nos-distritos-de-sarandira-e-monte-verde","status":"publish","type":"post","link":"https:\/\/diarioregionaldigital.com.br\/?p=195189","title":{"rendered":"Prefeita realiza visitas nos distritos de Sarandira e Monte Verde"},"content":{"rendered":"<p>Segundo informa\u00e7\u00f5es do site da Prefeitura de Juiz de Fora, nesta ter\u00e7a e quarta-feira, dias 15 e 16, a prefeita Margarida Salom\u00e3o visitou os distritos de Sarandira e Monte Verde com o intuito de ouvir as demandas da popula\u00e7\u00e3o e apresentar o novo setor de a\u00e7\u00f5es na Zona Rural, que \u00e9 vinculado ao Gabinete de A\u00e7\u00e3o e Di\u00e1logo Comunit\u00e1rio da Secretaria de Governo (SG). Coordenado por Isalino Clemente, esta \u00e9 uma forma de aproximar os di\u00e1logos entre as Zonas Rurais e a Prefeitura de Juiz de Fora (PJF).<\/p>\n<p>A prefeita destacou a import\u00e2ncia de os moradores dos distritos de Juiz de Fora terem suas demandas ouvidas e atendidas, algo que passar\u00e1 a ser feito por meio do novo setor de a\u00e7\u00f5es. \u201cPara tratar destas \u00e1reas, eu criei um novo setor espec\u00edfico para as Zonas Rurais, que ser\u00e1 coordenado pelo Isalino Clemente e ele ser\u00e1 o respons\u00e1vel por visitar todos os distritos, receber as demandas das comunidades e encaminh\u00e1-las para o governo, que vai viabilizar as solu\u00e7\u00f5es\u201d.<\/p>\n<p>As duas visitas somaram mais de 200 pessoas, que trouxeram quest\u00f5es relacionadas \u00e0s estradas vicinais, ilumina\u00e7\u00e3o, transporte p\u00fablico, sa\u00fade, educa\u00e7\u00e3o, agricultura e seguran\u00e7a. Os moradores locais ressaltaram a import\u00e2ncia deste momento em que a\u00a0 prefeita foi at\u00e9 a Zona Rural para ouvir as pessoas e, juntamente com seu secretariado, trazer solu\u00e7\u00f5es para as demandas apresentadas durante o encontro.<\/p>\n<p><strong>Brilha JF nas Zonas Rurais\u00a0<\/strong><\/p>\n<p>A chefe do executivo municipal anunciou que as Zonas Rurais receber\u00e3o\u00a0<a href=\"https:\/\/www.pjf.mg.gov.br\/noticias\/view.php?modo=link2&amp;idnoticia2=74168\"><strong>ilumina\u00e7\u00e3o em LED<\/strong><\/a>, como parte do Brilha JF, que \u00e9 vinculado ao Programa Boniteza, desenvolvido atrav\u00e9s do Gabinete de A\u00e7\u00e3o e Di\u00e1logo Comunit\u00e1rio (GADC).<\/p>\n<p>O primeiro distrito a receber a ilumina\u00e7\u00e3o em LED est\u00e1 sendo Torre\u00f5es e, em seguida, ser\u00e3o contemplados os distritos de Ros\u00e1rio de Minas, Sarandira, Monte Verde e demais distritos da Zona Rural.<\/p>\n","protected":false},"excerpt":{"rendered":"<p>Segundo informa\u00e7\u00f5es do site da Prefeitura de Juiz de Fora, nesta ter\u00e7a e quarta-feira, dias 15 e 16, a prefeita Margarida Salom\u00e3o visitou os distritos de Sarandira e Monte Verde com o intuito de ouvir as demandas da popula\u00e7\u00e3o e apresentar o novo setor de a\u00e7\u00f5es na Zona Rural, que \u00e9 vinculado ao Gabinete de [&hellip;]<\/p>\n","protected":false},"author":246,"featured_media":0,"comment_status":"closed","ping_status":"closed","sticky":false,"template":"","format":"standard","meta":{"footnotes":""},"categories":[253,436,439],"tags":[],"class_list":["post-195189","post","type-post","status-publish","format-standard","hentry","category-cidade","category-destaque-da-semana","category-ultima-hora"],"_links":{"self":[{"href":"https:\/\/diarioregionaldigital.com.br\/index.php?rest_route=\/wp\/v2\/posts\/195189","targetHints":{"allow":["GET"]}}],"collection":[{"href":"https:\/\/diarioregionaldigital.com.br\/index.php?rest_route=\/wp\/v2\/posts"}],"about":[{"href":"https:\/\/diarioregionaldigital.com.br\/index.php?rest_route=\/wp\/v2\/types\/post"}],"author":[{"embeddable":true,"href":"https:\/\/diarioregionaldigital.com.br\/index.php?rest_route=\/wp\/v2\/users\/246"}],"replies":[{"embeddable":true,"href":"https:\/\/diarioregionaldigital.com.br\/index.php?rest_route=%2Fwp%2Fv2%2Fcomments&post=195189"}],"version-history":[{"count":1,"href":"https:\/\/diarioregionaldigital.com.br\/index.php?rest_route=\/wp\/v2\/posts\/195189\/revisions"}],"predecessor-version":[{"id":195193,"href":"https:\/\/diarioregionaldigital.com.br\/index.php?rest_route=\/wp\/v2\/posts\/195189\/revisions\/195193"}],"wp:attachment":[{"href":"https:\/\/diarioregionaldigital.com.br\/index.php?rest_route=%2Fwp%2Fv2%2Fmedia&parent=195189"}],"wp:term":[{"taxonomy":"category","embeddable":true,"href":"https:\/\/diarioregionaldigital.com.br\/index.php?rest_route=%2Fwp%2Fv2%2Fcategories&post=195189"},{"taxonomy":"post_tag","embeddable":true,"href":"https:\/\/diarioregionaldigital.com.br\/index.php?rest_route=%2Fwp%2Fv2%2Ftags&post=195189"}],"curies":[{"name":"wp","href":"https:\/\/api.w.org\/{rel}","templated":true}]}}