{"id":195186,"date":"2022-02-17T20:19:29","date_gmt":"2022-02-17T23:19:29","guid":{"rendered":"https:\/\/diarioregionaldigital.com.br\/?p=195186"},"modified":"2022-02-17T20:19:29","modified_gmt":"2022-02-17T23:19:29","slug":"sistema-de-iluminacao-em-led-avanca-para-os-distritos-da-zona-rural","status":"publish","type":"post","link":"https:\/\/diarioregionaldigital.com.br\/?p=195186","title":{"rendered":"Sistema de ilumina\u00e7\u00e3o em LED avan\u00e7a para os distritos da Zona Rural"},"content":{"rendered":"<p>Segundo informa\u00e7\u00f5es do site da Prefeitura de Juiz de Fora, o distrito de Torr\u00f5es \u00e9 o primeiro que est\u00e1 recebendo o sistema de ilumina\u00e7\u00e3o em LED na Zona Rural, como parte do Brilha JF, que integra o Programa Boniteza da Prefeitura de Juiz de Fora (PJF).<br \/>\nAl\u00e9m da ilumina\u00e7\u00e3o de vias estrat\u00e9gicas da cidade, pra\u00e7as, pontes e viadutos, o Brilha JF chega tamb\u00e9m \u00e0 Zona Rural, refor\u00e7ando um compromisso da prefeita Margarida Salom\u00e3o, que desde a semana passada est\u00e1 visitando os distritos rurais de Juiz de Fora. \u201cA ilumina\u00e7\u00e3o na Zona Rural \u00e9 algo essencial. Por isso estamos trabalhando para trazer as lumin\u00e1rias em LED para todos os distritos rurais em Juiz de Fora, o que significa mais ilumina\u00e7\u00e3o, seguran\u00e7a e economia\u201d.<br \/>\nA secret\u00e1ria de Governo (SG), Cidinha Louzada, destaca que Torre\u00f5es \u00e9 o primeiro de uma s\u00e9rie de distritos da Zona Rural que v\u00e3o receber a instala\u00e7\u00e3o da ilumina\u00e7\u00e3o em LED. \u201cQueremos que a tecnologia LED ilumine Juiz de Fora como um todo. Vamos seguir avan\u00e7ando em outras regi\u00f5es da Zona Rural. Vale ressaltar que neste ano criamos a coordenadoria da Zona Rural dentro do Gabinete de A\u00e7\u00e3o e Di\u00e1logo Comunit\u00e1rio, justamente para melhorar o atendimento e a coordena\u00e7\u00e3o dos servi\u00e7os de zeladoria nas \u00e1reas rurais, al\u00e9m de facilitar o contato entre os moradores e a prefeita\u201d, afirma.<br \/>\n<strong>Brilha JF em 2021<\/strong><br \/>\nAtrav\u00e9s do Programa Boniteza e do Brilha JF, em 2021 foram instaladas mais de 1.500 lumin\u00e1rias de LED em vias estrat\u00e9gicas da cidade como a Avenida JK, que est\u00e1 em fase de finaliza\u00e7\u00e3o; Avenida Get\u00falio Vargas; Avenida Brasil, at\u00e9 o viaduto da BD; Avenida Governador Valadares; rua S\u00e3o Mateus; rua Ibitiguaia; rua Benjamin Constant; rua Ces\u00e1rio Alvim; Avenida Francisco Bernardino; rua Paulo Frontin; rua Doutor Prisco; Estrada Engenheiro Gentil Forn; rua Jos\u00e9 Louren\u00e7o Kelmer, entre a Ponte Casablanca e a UFJF; acesso \u00e0 Nova Benfica pela rua Martins Barbosa, Viaduto Augusto Franco e Viaduto Ramirez Gonzales, al\u00e9m de diversas pra\u00e7as da cidade.<\/p>\n","protected":false},"excerpt":{"rendered":"<p>Segundo informa\u00e7\u00f5es do site da Prefeitura de Juiz de Fora, o distrito de Torr\u00f5es \u00e9 o primeiro que est\u00e1 recebendo o sistema de ilumina\u00e7\u00e3o em LED na Zona Rural, como parte do Brilha JF, que integra o Programa Boniteza da Prefeitura de Juiz de Fora (PJF). Al\u00e9m da ilumina\u00e7\u00e3o de vias estrat\u00e9gicas da cidade, pra\u00e7as, [&hellip;]<\/p>\n","protected":false},"author":246,"featured_media":195187,"comment_status":"closed","ping_status":"closed","sticky":false,"template":"","format":"standard","meta":{"footnotes":""},"categories":[253,436,439],"tags":[],"class_list":["post-195186","post","type-post","status-publish","format-standard","has-post-thumbnail","hentry","category-cidade","category-destaque-da-semana","category-ultima-hora"],"_links":{"self":[{"href":"https:\/\/diarioregionaldigital.com.br\/index.php?rest_route=\/wp\/v2\/posts\/195186","targetHints":{"allow":["GET"]}}],"collection":[{"href":"https:\/\/diarioregionaldigital.com.br\/index.php?rest_route=\/wp\/v2\/posts"}],"about":[{"href":"https:\/\/diarioregionaldigital.com.br\/index.php?rest_route=\/wp\/v2\/types\/post"}],"author":[{"embeddable":true,"href":"https:\/\/diarioregionaldigital.com.br\/index.php?rest_route=\/wp\/v2\/users\/246"}],"replies":[{"embeddable":true,"href":"https:\/\/diarioregionaldigital.com.br\/index.php?rest_route=%2Fwp%2Fv2%2Fcomments&post=195186"}],"version-history":[{"count":1,"href":"https:\/\/diarioregionaldigital.com.br\/index.php?rest_route=\/wp\/v2\/posts\/195186\/revisions"}],"predecessor-version":[{"id":195188,"href":"https:\/\/diarioregionaldigital.com.br\/index.php?rest_route=\/wp\/v2\/posts\/195186\/revisions\/195188"}],"wp:featuredmedia":[{"embeddable":true,"href":"https:\/\/diarioregionaldigital.com.br\/index.php?rest_route=\/wp\/v2\/media\/195187"}],"wp:attachment":[{"href":"https:\/\/diarioregionaldigital.com.br\/index.php?rest_route=%2Fwp%2Fv2%2Fmedia&parent=195186"}],"wp:term":[{"taxonomy":"category","embeddable":true,"href":"https:\/\/diarioregionaldigital.com.br\/index.php?rest_route=%2Fwp%2Fv2%2Fcategories&post=195186"},{"taxonomy":"post_tag","embeddable":true,"href":"https:\/\/diarioregionaldigital.com.br\/index.php?rest_route=%2Fwp%2Fv2%2Ftags&post=195186"}],"curies":[{"name":"wp","href":"https:\/\/api.w.org\/{rel}","templated":true}]}}