{"id":195182,"date":"2022-02-17T20:16:27","date_gmt":"2022-02-17T23:16:27","guid":{"rendered":"https:\/\/diarioregionaldigital.com.br\/?p=195182"},"modified":"2022-02-17T20:16:27","modified_gmt":"2022-02-17T23:16:27","slug":"prefeita-visita-creche-que-atendera-a-182-novas-vagas-para-criancas","status":"publish","type":"post","link":"https:\/\/diarioregionaldigital.com.br\/?p=195182","title":{"rendered":"Prefeita visita creche que atender\u00e1 a 182 novas vagas para crian\u00e7as"},"content":{"rendered":"<p>Segundo informa\u00e7\u00f5es do site da Prefeitura de Juiz de Fora, na manh\u00e3 desta quinta-feira, a prefeita Margarida Salom\u00e3o visitou dois novos equipamentos adquiridos recentemente pela Secretaria de Educa\u00e7\u00e3o (SE) que est\u00e3o ampliando o atendimento no munic\u00edpio. Um deles \u00e9 a Creche Comunit\u00e1ria Olga de Oliveira Frizero, que est\u00e1 localizada no Centro e atender\u00e1 182 novas vagas para crian\u00e7as de zero a tr\u00eas anos que est\u00e3o na fila de espera atualmente.<br \/>\nA nova institui\u00e7\u00e3o atende ao plano de expans\u00e3o de vagas em creches, uma das principais a\u00e7\u00f5es da atual administra\u00e7\u00e3o da Prefeitura de Juiz de Fora (PJF). No momento, o local est\u00e1 passando por adequa\u00e7\u00f5es e a sua inaugura\u00e7\u00e3o est\u00e1 prevista para o m\u00eas de mar\u00e7o.<\/p>\n<p>Na visita estiveram presentes a Secret\u00e1ria de Educa\u00e7\u00e3o, N\u00e1dia Ribas, o Superintendente da Associa\u00e7\u00e3o Municipal de Apoio Comunit\u00e1rio (Amac), Alexandre Oliveira Andrade, que vai administrar a institui\u00e7\u00e3o em parceria com a PJF, al\u00e9m de outros representantes da PJF.<br \/>\nEm seguida, a chefe do executivo municipal esteve no novo pr\u00e9dio do Centro de Atendimento Educacional Especializado (CAEE &#8211; Centro). Localizada no Mariano Proc\u00f3pio, a institui\u00e7\u00e3o \u00e9 respons\u00e1vel por atender crian\u00e7as com defici\u00eancia matriculados na Rede Municipal de Ensino e tem como refer\u00eancia o N\u00facleo de Atendimento Educacional Especializado para Surdos.<br \/>\nO novo im\u00f3vel permitiu a expans\u00e3o do atendimento que antes era de 70 alunos para 110, al\u00e9m de gerar uma economia no aluguel de mais de R$ 20 mil por ano para os cofres da PJF, o que garante uma melhor aplica\u00e7\u00e3o dos recursos p\u00fablicos.<\/p>\n","protected":false},"excerpt":{"rendered":"<p>Segundo informa\u00e7\u00f5es do site da Prefeitura de Juiz de Fora, na manh\u00e3 desta quinta-feira, a prefeita Margarida Salom\u00e3o visitou dois novos equipamentos adquiridos recentemente pela Secretaria de Educa\u00e7\u00e3o (SE) que est\u00e3o ampliando o atendimento no munic\u00edpio. Um deles \u00e9 a Creche Comunit\u00e1ria Olga de Oliveira Frizero, que est\u00e1 localizada no Centro e atender\u00e1 182 novas [&hellip;]<\/p>\n","protected":false},"author":246,"featured_media":195183,"comment_status":"closed","ping_status":"closed","sticky":false,"template":"","format":"standard","meta":{"footnotes":""},"categories":[253,436,439],"tags":[],"class_list":["post-195182","post","type-post","status-publish","format-standard","has-post-thumbnail","hentry","category-cidade","category-destaque-da-semana","category-ultima-hora"],"_links":{"self":[{"href":"https:\/\/diarioregionaldigital.com.br\/index.php?rest_route=\/wp\/v2\/posts\/195182","targetHints":{"allow":["GET"]}}],"collection":[{"href":"https:\/\/diarioregionaldigital.com.br\/index.php?rest_route=\/wp\/v2\/posts"}],"about":[{"href":"https:\/\/diarioregionaldigital.com.br\/index.php?rest_route=\/wp\/v2\/types\/post"}],"author":[{"embeddable":true,"href":"https:\/\/diarioregionaldigital.com.br\/index.php?rest_route=\/wp\/v2\/users\/246"}],"replies":[{"embeddable":true,"href":"https:\/\/diarioregionaldigital.com.br\/index.php?rest_route=%2Fwp%2Fv2%2Fcomments&post=195182"}],"version-history":[{"count":2,"href":"https:\/\/diarioregionaldigital.com.br\/index.php?rest_route=\/wp\/v2\/posts\/195182\/revisions"}],"predecessor-version":[{"id":195185,"href":"https:\/\/diarioregionaldigital.com.br\/index.php?rest_route=\/wp\/v2\/posts\/195182\/revisions\/195185"}],"wp:featuredmedia":[{"embeddable":true,"href":"https:\/\/diarioregionaldigital.com.br\/index.php?rest_route=\/wp\/v2\/media\/195183"}],"wp:attachment":[{"href":"https:\/\/diarioregionaldigital.com.br\/index.php?rest_route=%2Fwp%2Fv2%2Fmedia&parent=195182"}],"wp:term":[{"taxonomy":"category","embeddable":true,"href":"https:\/\/diarioregionaldigital.com.br\/index.php?rest_route=%2Fwp%2Fv2%2Fcategories&post=195182"},{"taxonomy":"post_tag","embeddable":true,"href":"https:\/\/diarioregionaldigital.com.br\/index.php?rest_route=%2Fwp%2Fv2%2Ftags&post=195182"}],"curies":[{"name":"wp","href":"https:\/\/api.w.org\/{rel}","templated":true}]}}