{"id":195179,"date":"2022-02-17T20:11:26","date_gmt":"2022-02-17T23:11:26","guid":{"rendered":"https:\/\/diarioregionaldigital.com.br\/?p=195179"},"modified":"2022-02-17T20:11:26","modified_gmt":"2022-02-17T23:11:26","slug":"juiz-de-fora-ja-registra-o-dobro-de-chuva-do-esperado-para-este-mes","status":"publish","type":"post","link":"https:\/\/diarioregionaldigital.com.br\/?p=195179","title":{"rendered":"Juiz de Fora j\u00e1 registra o dobro de chuva do esperado para este m\u00eas"},"content":{"rendered":"<p>Segundo informa\u00e7\u00f5es do site da Prefeitura de Juiz de Fora,\u00a0 em meio ao per\u00edodo chuvoso, t\u00edpico desta \u00e9poca do ano, Juiz de Fora supera as estimativas e j\u00e1 soma 698,2 mm de chuva em 2022. Apenas em fevereiro deste ano, j\u00e1 choveu cerca de 330 mm, o dobro do esperado para o m\u00eas, de acordo com a m\u00e9dia hist\u00f3rica medida pelo Instituto Nacional de Meteorologia (Inmet).<br \/>\nO volume elevado de chuva em um curto per\u00edodo de tempo, como aconteceu nos 15 primeiros dias de fevereiro, contribui para a manuten\u00e7\u00e3o da satura\u00e7\u00e3o do solo. Com isso, aumenta a instabilidade de encostas e a possibilidade de queda de blocos.\u00a0 A Defesa Civil ressalta que, em caso de risco, a popula\u00e7\u00e3o deve entrar em contato pelo 199.<br \/>\nDo dia 1\u00b0 de janeiro ao dia 15 de fevereiro deste ano foram atendidas 786 ocorr\u00eancias. A maior parte dessas notifica\u00e7\u00f5es s\u00e3o relacionadas a deslizamentos de solo e a regi\u00e3o mais afetada foi a leste, com\u00a0 277 ocorr\u00eancias.<br \/>\nO subsecret\u00e1rio de Prote\u00e7\u00e3o e Defesa Civil, Lu\u00eds Fernando Martins, destaca que o trabalho de preven\u00e7\u00e3o, realizado sob coordena\u00e7\u00e3o da Secretaria de Governo (SG), foi essencial para mitigar riscos no munic\u00edpio. Ele tamb\u00e9m alerta sobre a import\u00e2ncia das pessoas residentes em \u00e1reas de risco geol\u00f3gico ficarem atentas aos sinais. \u201cOs moradores devem sempre observar o surgimento de trincas, fissuras, e, tamb\u00e9m, verificar se solos e terrenos que apresentam alguma dilata\u00e7\u00e3o ou deforma\u00e7\u00e3o. Tamb\u00e9m pedimos para notar se dentro das resid\u00eancias h\u00e1 portas e janelas que come\u00e7am a emperrar, pois s\u00e3o ind\u00edcios de movimenta\u00e7\u00e3o do solo que ocorrem de forma gradual. Caso observem esses sinais, \u00e9 necess\u00e1rio entrar em contato com a Defesa Civil atrav\u00e9s do 199&#8243;, explica.<\/p>\n","protected":false},"excerpt":{"rendered":"<p>Segundo informa\u00e7\u00f5es do site da Prefeitura de Juiz de Fora,\u00a0 em meio ao per\u00edodo chuvoso, t\u00edpico desta \u00e9poca do ano, Juiz de Fora supera as estimativas e j\u00e1 soma 698,2 mm de chuva em 2022. Apenas em fevereiro deste ano, j\u00e1 choveu cerca de 330 mm, o dobro do esperado para o m\u00eas, de acordo [&hellip;]<\/p>\n","protected":false},"author":246,"featured_media":195180,"comment_status":"closed","ping_status":"closed","sticky":false,"template":"","format":"standard","meta":{"footnotes":""},"categories":[253,436,440,439],"tags":[],"class_list":["post-195179","post","type-post","status-publish","format-standard","has-post-thumbnail","hentry","category-cidade","category-destaque-da-semana","category-destaques-do-dia","category-ultima-hora"],"_links":{"self":[{"href":"https:\/\/diarioregionaldigital.com.br\/index.php?rest_route=\/wp\/v2\/posts\/195179","targetHints":{"allow":["GET"]}}],"collection":[{"href":"https:\/\/diarioregionaldigital.com.br\/index.php?rest_route=\/wp\/v2\/posts"}],"about":[{"href":"https:\/\/diarioregionaldigital.com.br\/index.php?rest_route=\/wp\/v2\/types\/post"}],"author":[{"embeddable":true,"href":"https:\/\/diarioregionaldigital.com.br\/index.php?rest_route=\/wp\/v2\/users\/246"}],"replies":[{"embeddable":true,"href":"https:\/\/diarioregionaldigital.com.br\/index.php?rest_route=%2Fwp%2Fv2%2Fcomments&post=195179"}],"version-history":[{"count":1,"href":"https:\/\/diarioregionaldigital.com.br\/index.php?rest_route=\/wp\/v2\/posts\/195179\/revisions"}],"predecessor-version":[{"id":195181,"href":"https:\/\/diarioregionaldigital.com.br\/index.php?rest_route=\/wp\/v2\/posts\/195179\/revisions\/195181"}],"wp:featuredmedia":[{"embeddable":true,"href":"https:\/\/diarioregionaldigital.com.br\/index.php?rest_route=\/wp\/v2\/media\/195180"}],"wp:attachment":[{"href":"https:\/\/diarioregionaldigital.com.br\/index.php?rest_route=%2Fwp%2Fv2%2Fmedia&parent=195179"}],"wp:term":[{"taxonomy":"category","embeddable":true,"href":"https:\/\/diarioregionaldigital.com.br\/index.php?rest_route=%2Fwp%2Fv2%2Fcategories&post=195179"},{"taxonomy":"post_tag","embeddable":true,"href":"https:\/\/diarioregionaldigital.com.br\/index.php?rest_route=%2Fwp%2Fv2%2Ftags&post=195179"}],"curies":[{"name":"wp","href":"https:\/\/api.w.org\/{rel}","templated":true}]}}