{"id":195173,"date":"2022-02-17T19:45:26","date_gmt":"2022-02-17T22:45:26","guid":{"rendered":"https:\/\/diarioregionaldigital.com.br\/?p=195173"},"modified":"2022-02-17T19:45:26","modified_gmt":"2022-02-17T22:45:26","slug":"inter-empata-com-brasil-de-pelotas-pelo-gauchao-e-frustra-torcedor","status":"publish","type":"post","link":"https:\/\/diarioregionaldigital.com.br\/?p=195173","title":{"rendered":"Inter empata com Brasil de Pelotas pelo Gauch\u00e3o e frustra torcedor"},"content":{"rendered":"<p>O Internacional teve a chance de assumir a lideran\u00e7a do Campeonato Ga\u00facho, mas decepcionou o torcedor. Nesta quarta-feira (16), o Colorado ficou no 1 a 1 com o Brasil de Pelotas no Beira-Rio, em Porto Alegre, pela s\u00e9tima rodada do Estadual.<img decoding=\"async\" src=\"https:\/\/agenciabrasil.ebc.com.br\/ebc.png?id=1442804&amp;o=node\" \/><img decoding=\"async\" src=\"https:\/\/agenciabrasil.ebc.com.br\/ebc.gif?id=1442804&amp;o=node\" \/><\/p>\n<p>O empate recolocou o Inter na segunda coloca\u00e7\u00e3o, com os mesmos 12 pontos, superando o S\u00e3o Luiz (3\u00ba) pelo n\u00famero de gols marcados. A equipe, por\u00e9m, pode ser ultrapassada na quinta-feira (17) se o Ypiranga derrotar o Aimor\u00e9 no Colosso da Lagoa, em Erechim (RS), \u00e0s 19h (hor\u00e1rio de Bras\u00edlia). O Xavante, com dez pontos, caiu para s\u00e9timo lugar.<\/p>\n<p>A press\u00e3o colorada no primeiro tempo resultou no primeiro gol. Aos 42 minutos, o lateral Paulo Vitor cruzou e o atacante Taison mandou para as redes. A vantagem durou somente at\u00e9 os seis minutos da segunda etapa, quando o atacante Paulo Victor completou o cruzamento do meia Marllon e deixou tudo igual.<\/p>\n<p>Os dois times voltam a campo neste domingo (20). O Brasil recebe o Ypiranga no est\u00e1dio Bento Freitas, em Pelotas (RS), \u00e0s 16h. Mais tarde, \u00e0s 20h30, o Internacional pega o S\u00e3o Jos\u00e9 no est\u00e1dio Francisco Noveletto, tamb\u00e9m em Porto Alegre.<\/p>\n<p>Em outro jogo iniciado \u00e0s 21h30 desta quarta, o Novo Hamburgo derrotou o Guarany de Bag\u00e9 por 2 a 0 no est\u00e1dio do Vale, em Novo Hamburgo (RS), com gols do meia J\u00fanior Timb\u00f3 e do atacante Michel Renner. O N\u00f3ia foi a 11 pontos, na quinta coloca\u00e7\u00e3o, enquanto os visitantes permanecem na lanterna, com dois pontos.<\/p>\n<p>No s\u00e1bado (19), \u00e0s 19h, o Guarany tenta a reabilita\u00e7\u00e3o diante do Uni\u00e3o Frederiquense no est\u00e1dio Estrela D&#8217;Alva, em Bag\u00e9 (RS). Na sequ\u00eancia, \u00e0s 21h, o Novo Hamburgo visita o Caxias no Centen\u00e1rio, em Caxias do Sul (RS), de olho no G4 do Gauch\u00e3o.<\/p>\n<p><span style=\"font-weight: 400;\">Fonte: Ag\u00eancia Brasil <\/span><\/p>\n","protected":false},"excerpt":{"rendered":"<p>O Internacional teve a chance de assumir a lideran\u00e7a do Campeonato Ga\u00facho, mas decepcionou o torcedor. Nesta quarta-feira (16), o Colorado ficou no 1 a 1 com o Brasil de Pelotas no Beira-Rio, em Porto Alegre, pela s\u00e9tima rodada do Estadual. O empate recolocou o Inter na segunda coloca\u00e7\u00e3o, com os mesmos 12 pontos, superando [&hellip;]<\/p>\n","protected":false},"author":246,"featured_media":195174,"comment_status":"closed","ping_status":"closed","sticky":false,"template":"","format":"standard","meta":{"footnotes":""},"categories":[436,257,439],"tags":[],"class_list":["post-195173","post","type-post","status-publish","format-standard","has-post-thumbnail","hentry","category-destaque-da-semana","category-esporte","category-ultima-hora"],"_links":{"self":[{"href":"https:\/\/diarioregionaldigital.com.br\/index.php?rest_route=\/wp\/v2\/posts\/195173","targetHints":{"allow":["GET"]}}],"collection":[{"href":"https:\/\/diarioregionaldigital.com.br\/index.php?rest_route=\/wp\/v2\/posts"}],"about":[{"href":"https:\/\/diarioregionaldigital.com.br\/index.php?rest_route=\/wp\/v2\/types\/post"}],"author":[{"embeddable":true,"href":"https:\/\/diarioregionaldigital.com.br\/index.php?rest_route=\/wp\/v2\/users\/246"}],"replies":[{"embeddable":true,"href":"https:\/\/diarioregionaldigital.com.br\/index.php?rest_route=%2Fwp%2Fv2%2Fcomments&post=195173"}],"version-history":[{"count":1,"href":"https:\/\/diarioregionaldigital.com.br\/index.php?rest_route=\/wp\/v2\/posts\/195173\/revisions"}],"predecessor-version":[{"id":195175,"href":"https:\/\/diarioregionaldigital.com.br\/index.php?rest_route=\/wp\/v2\/posts\/195173\/revisions\/195175"}],"wp:featuredmedia":[{"embeddable":true,"href":"https:\/\/diarioregionaldigital.com.br\/index.php?rest_route=\/wp\/v2\/media\/195174"}],"wp:attachment":[{"href":"https:\/\/diarioregionaldigital.com.br\/index.php?rest_route=%2Fwp%2Fv2%2Fmedia&parent=195173"}],"wp:term":[{"taxonomy":"category","embeddable":true,"href":"https:\/\/diarioregionaldigital.com.br\/index.php?rest_route=%2Fwp%2Fv2%2Fcategories&post=195173"},{"taxonomy":"post_tag","embeddable":true,"href":"https:\/\/diarioregionaldigital.com.br\/index.php?rest_route=%2Fwp%2Fv2%2Ftags&post=195173"}],"curies":[{"name":"wp","href":"https:\/\/api.w.org\/{rel}","templated":true}]}}