{"id":195164,"date":"2022-02-17T19:27:55","date_gmt":"2022-02-17T22:27:55","guid":{"rendered":"https:\/\/diarioregionaldigital.com.br\/?p=195164"},"modified":"2022-02-17T19:27:55","modified_gmt":"2022-02-17T22:27:55","slug":"minas-passa-a-contar-com-o-reforco-de-mais-de-14-mil-policiais-militares","status":"publish","type":"post","link":"https:\/\/diarioregionaldigital.com.br\/?p=195164","title":{"rendered":"Minas passa a contar com o refor\u00e7o de mais de 1,4 mil policiais militares"},"content":{"rendered":"<p>O\u00a0<a href=\"https:\/\/www.mg.gov.br\/\" target=\"_blank\" rel=\"noopener\">Governo de Minas Gerais<\/a>\u00a0anunciou, nesta quinta-feira (17\/2), 1.497 novos profissionais para a\u00a0<a href=\"https:\/\/www.policiamilitar.mg.gov.br\/portal-pm\/externo\/principal.action\" target=\"_blank\" rel=\"noopener\">Pol\u00edcia Militar de Minas Gerais (PMMG)<\/a>.<\/p>\n<p>A convoca\u00e7\u00e3o de aprovados em concurso p\u00fablico \u00e9 parte do compromisso da gest\u00e3o de Romeu Zema em refor\u00e7ar e melhorar ainda mais a seguran\u00e7a p\u00fablica, consolidando o estado como o mais seguro do Brasil &#8211; conforme balan\u00e7o divulgado pelo Minist\u00e9rio da Justi\u00e7a e Seguran\u00e7a P\u00fablica.<\/p>\n<p>S\u00e3o 1.263 convocados para Curso de Forma\u00e7\u00e3o de Soldados e 84 para o Curso de Forma\u00e7\u00e3o de Soldados Especialistas, ambos com in\u00edcio do curso em 25\/2\/22.<\/p>\n<p>Os 120 candidatos aprovados para o Curso de Forma\u00e7\u00e3o de Oficiais e os 30 convocados para o Est\u00e1gio de Adapta\u00e7\u00e3o de Oficiais de Sa\u00fade\u00a0apresentam-se para in\u00edcio das atividades em 11\/3.<\/p>\n<p>Ap\u00f3s o processo de forma\u00e7\u00e3o, os novos policiais militares v\u00e3o recompor os quadros de efetivo da institui\u00e7\u00e3o.<\/p>\n<p>A Academia de Pol\u00edcia Militar, porta de entrada na carreira, desenvolve os militares com compet\u00eancias e habilidades para, ao final dos cursos, poderem exercer as respectivas fun\u00e7\u00f5es nos mais diversos tipos de servi\u00e7os prestados para a seguran\u00e7a dos mineiros.<\/p>\n<p>Fonte: Ag\u00eancia Minas<\/p>\n","protected":false},"excerpt":{"rendered":"<p>O\u00a0Governo de Minas Gerais\u00a0anunciou, nesta quinta-feira (17\/2), 1.497 novos profissionais para a\u00a0Pol\u00edcia Militar de Minas Gerais (PMMG). A convoca\u00e7\u00e3o de aprovados em concurso p\u00fablico \u00e9 parte do compromisso da gest\u00e3o de Romeu Zema em refor\u00e7ar e melhorar ainda mais a seguran\u00e7a p\u00fablica, consolidando o estado como o mais seguro do Brasil &#8211; conforme balan\u00e7o divulgado [&hellip;]<\/p>\n","protected":false},"author":246,"featured_media":195165,"comment_status":"closed","ping_status":"closed","sticky":false,"template":"","format":"standard","meta":{"footnotes":""},"categories":[436,254,439],"tags":[],"class_list":["post-195164","post","type-post","status-publish","format-standard","has-post-thumbnail","hentry","category-destaque-da-semana","category-politica","category-ultima-hora"],"_links":{"self":[{"href":"https:\/\/diarioregionaldigital.com.br\/index.php?rest_route=\/wp\/v2\/posts\/195164","targetHints":{"allow":["GET"]}}],"collection":[{"href":"https:\/\/diarioregionaldigital.com.br\/index.php?rest_route=\/wp\/v2\/posts"}],"about":[{"href":"https:\/\/diarioregionaldigital.com.br\/index.php?rest_route=\/wp\/v2\/types\/post"}],"author":[{"embeddable":true,"href":"https:\/\/diarioregionaldigital.com.br\/index.php?rest_route=\/wp\/v2\/users\/246"}],"replies":[{"embeddable":true,"href":"https:\/\/diarioregionaldigital.com.br\/index.php?rest_route=%2Fwp%2Fv2%2Fcomments&post=195164"}],"version-history":[{"count":1,"href":"https:\/\/diarioregionaldigital.com.br\/index.php?rest_route=\/wp\/v2\/posts\/195164\/revisions"}],"predecessor-version":[{"id":195166,"href":"https:\/\/diarioregionaldigital.com.br\/index.php?rest_route=\/wp\/v2\/posts\/195164\/revisions\/195166"}],"wp:featuredmedia":[{"embeddable":true,"href":"https:\/\/diarioregionaldigital.com.br\/index.php?rest_route=\/wp\/v2\/media\/195165"}],"wp:attachment":[{"href":"https:\/\/diarioregionaldigital.com.br\/index.php?rest_route=%2Fwp%2Fv2%2Fmedia&parent=195164"}],"wp:term":[{"taxonomy":"category","embeddable":true,"href":"https:\/\/diarioregionaldigital.com.br\/index.php?rest_route=%2Fwp%2Fv2%2Fcategories&post=195164"},{"taxonomy":"post_tag","embeddable":true,"href":"https:\/\/diarioregionaldigital.com.br\/index.php?rest_route=%2Fwp%2Fv2%2Ftags&post=195164"}],"curies":[{"name":"wp","href":"https:\/\/api.w.org\/{rel}","templated":true}]}}