{"id":195161,"date":"2022-02-17T19:26:10","date_gmt":"2022-02-17T22:26:10","guid":{"rendered":"https:\/\/diarioregionaldigital.com.br\/?p=195161"},"modified":"2022-02-17T19:26:10","modified_gmt":"2022-02-17T22:26:10","slug":"governador-acompanha-aplicacao-da-dose-de-reforco-contra-a-covid-em-uberaba-no-triangulo-mineiro","status":"publish","type":"post","link":"https:\/\/diarioregionaldigital.com.br\/?p=195161","title":{"rendered":"Governador acompanha aplica\u00e7\u00e3o da dose de refor\u00e7o contra a covid em Uberaba, no Tri\u00e2ngulo Mineiro"},"content":{"rendered":"<p>O governador Romeu Zema acompanhou o andamento da vacina\u00e7\u00e3o contra a covid na cidade de Uberaba, no Tri\u00e2ngulo Mineiro, nesta quinta-feira (17\/2). Pela manh\u00e3, \u00e0s 10h30, o chefe do Executivo foi \u00e0 Unidade Matricial Valdemar Hial Junior, onde est\u00e3o sendo aplicadas doses de refor\u00e7o. Zema estava acompanhado da prefeita Elisa Ara\u00fajo.<\/p>\n<p>Durante a visita, o governador conversou com a popula\u00e7\u00e3o e destacou a import\u00e2ncia da vacina no processo de supera\u00e7\u00e3o da pandemia.<\/p>\n<p>&#8220;Quero fazer um apelo. Temos doses sobrando em Minas Gerais, mas mais de 2 milh\u00f5es de mineiros est\u00e3o atrasados com o processo de imuniza\u00e7\u00e3o. Atualmente, as pessoas que mais t\u00eam apresentado problemas de sa\u00fade com a variante \u00f4micron s\u00e3o aquelas que est\u00e3o com a vacina\u00e7\u00e3o em atraso. Por isso, \u00e9 t\u00e3o importante ter o cart\u00e3o de vacina\u00e7\u00e3o em dia. Fa\u00e7o esse apelo para que todos se vacinem. Isso tamb\u00e9m representa um al\u00edvio para o sistema de sa\u00fade, que tem ficado sobrecarregado e deixado de atender outras doen\u00e7as por conta desses pacientes com covid\u201d, destacou o governador.<\/p>\n<p>A moradora de Uberaba Daniela Nogueira, de 42 anos, tomou a dose de refor\u00e7o nesta quinta e se emocionou ao lembrar do drama vivido pela fam\u00edlia. \u201cEstou muito feliz e satisfeita. Tive o caso do meu irm\u00e3o, que foi intubado por causa da covid, no ano passado. Nossa fam\u00edlia sofreu muito, vivemos o drama na pele, quase o perdemos. Mas gra\u00e7as a Deus e \u00e0 ci\u00eancia, meu irm\u00e3o est\u00e1 vivo. Por isso \u00e9 importante cada um fazer a sua parte tomando a vacina\u201d, afirmou.<\/p>\n<p>Marcelo Dello Russo, de 53 anos, tamb\u00e9m morador de Uberaba, fez um apelo \u00e0 popula\u00e7\u00e3o ap\u00f3s receber a terceira dose. \u201cTemos que fazer a preven\u00e7\u00e3o e procurar minimizar a possibilidade de agravamento da doen\u00e7a. N\u00e3o h\u00e1 d\u00favida. Independentemente da faixa et\u00e1ria, todos precisam tomar a vacina contra covid\u201d, disse.<\/p>\n<p><strong>Vacina\u00e7\u00e3o em Minas<\/strong><\/p>\n<p>Com apoio da\u00a0<a href=\"http:\/\/www.saude.mg.gov.br\/\" target=\"_blank\" rel=\"noopener\">Secretaria de Estado de Sa\u00fade (SES-MG)<\/a>, atua\u00e7\u00e3o dos profissionais de sa\u00fade, e empenho das prefeituras, Minas Gerais segue em ritmo intenso na maior campanha de vacina\u00e7\u00e3o da hist\u00f3ria do Estado. At\u00e9 o momento, 38,3 milh\u00f5es de vacinas j\u00e1 foram enviadas aos munic\u00edpios.<\/p>\n<p>Segundo dados do\u00a0<a href=\"https:\/\/coronavirus.saude.mg.gov.br\/vacinometro\" target=\"_blank\" rel=\"noopener\">Vacin\u00f4metro<\/a>\u00a0registrados at\u00e9 esta quinta-feira, Minas Gerais tem 85% da popula\u00e7\u00e3o acima de cinco anos vacinada com a primeira dose e 80% com a segunda dose. Mais 37% j\u00e1 receberam a terceira inje\u00e7\u00e3o.<\/p>\n<p>Em Uberaba, 37% da popula\u00e7\u00e3o j\u00e1 tomou a dose de refor\u00e7o. Entre as pessoas com idade superior a cinco anos, a cobertura vacinal \u00e9 de 85% na cidade. O Estado alcan\u00e7ou nesta quinta-feira (17\/2) a marca de 34% do p\u00fablico infantil vacinado com a primeira dose da vacina contra a covid. J\u00e1 em Uberaba, 37% das doses infantis foram aplicadas.<\/p>\n<p>Mais de 1,2 milh\u00e3o de doses destinadas ao p\u00fablico infantil j\u00e1 foram distribu\u00eddas para os munic\u00edpios mineiros e cerca de 558 mil foram aplicadas em crian\u00e7as de 5 a 11 anos.\u00a0 A estimativa \u00e9 que 1,8 milh\u00e3o de meninos e meninas possam ser vacinados.<\/p>\n<p><span style=\"font-weight: 400;\"><br \/>\n<\/span><span style=\"font-weight: 400;\">Fonte: Ag\u00eancia Minas<\/span><\/p>\n","protected":false},"excerpt":{"rendered":"<p>O governador Romeu Zema acompanhou o andamento da vacina\u00e7\u00e3o contra a covid na cidade de Uberaba, no Tri\u00e2ngulo Mineiro, nesta quinta-feira (17\/2). Pela manh\u00e3, \u00e0s 10h30, o chefe do Executivo foi \u00e0 Unidade Matricial Valdemar Hial Junior, onde est\u00e3o sendo aplicadas doses de refor\u00e7o. Zema estava acompanhado da prefeita Elisa Ara\u00fajo. Durante a visita, o [&hellip;]<\/p>\n","protected":false},"author":246,"featured_media":195162,"comment_status":"closed","ping_status":"closed","sticky":false,"template":"","format":"standard","meta":{"footnotes":""},"categories":[436,254,439],"tags":[],"class_list":["post-195161","post","type-post","status-publish","format-standard","has-post-thumbnail","hentry","category-destaque-da-semana","category-politica","category-ultima-hora"],"_links":{"self":[{"href":"https:\/\/diarioregionaldigital.com.br\/index.php?rest_route=\/wp\/v2\/posts\/195161","targetHints":{"allow":["GET"]}}],"collection":[{"href":"https:\/\/diarioregionaldigital.com.br\/index.php?rest_route=\/wp\/v2\/posts"}],"about":[{"href":"https:\/\/diarioregionaldigital.com.br\/index.php?rest_route=\/wp\/v2\/types\/post"}],"author":[{"embeddable":true,"href":"https:\/\/diarioregionaldigital.com.br\/index.php?rest_route=\/wp\/v2\/users\/246"}],"replies":[{"embeddable":true,"href":"https:\/\/diarioregionaldigital.com.br\/index.php?rest_route=%2Fwp%2Fv2%2Fcomments&post=195161"}],"version-history":[{"count":1,"href":"https:\/\/diarioregionaldigital.com.br\/index.php?rest_route=\/wp\/v2\/posts\/195161\/revisions"}],"predecessor-version":[{"id":195163,"href":"https:\/\/diarioregionaldigital.com.br\/index.php?rest_route=\/wp\/v2\/posts\/195161\/revisions\/195163"}],"wp:featuredmedia":[{"embeddable":true,"href":"https:\/\/diarioregionaldigital.com.br\/index.php?rest_route=\/wp\/v2\/media\/195162"}],"wp:attachment":[{"href":"https:\/\/diarioregionaldigital.com.br\/index.php?rest_route=%2Fwp%2Fv2%2Fmedia&parent=195161"}],"wp:term":[{"taxonomy":"category","embeddable":true,"href":"https:\/\/diarioregionaldigital.com.br\/index.php?rest_route=%2Fwp%2Fv2%2Fcategories&post=195161"},{"taxonomy":"post_tag","embeddable":true,"href":"https:\/\/diarioregionaldigital.com.br\/index.php?rest_route=%2Fwp%2Fv2%2Ftags&post=195161"}],"curies":[{"name":"wp","href":"https:\/\/api.w.org\/{rel}","templated":true}]}}