{"id":195157,"date":"2022-02-17T19:24:01","date_gmt":"2022-02-17T22:24:01","guid":{"rendered":"https:\/\/diarioregionaldigital.com.br\/?p=195157"},"modified":"2022-02-17T19:24:01","modified_gmt":"2022-02-17T22:24:01","slug":"pesquisas-da-funed-garantem-indicacao-de-origem-do-mel-de-aroeira-do-norte-de-minas","status":"publish","type":"post","link":"https:\/\/diarioregionaldigital.com.br\/?p=195157","title":{"rendered":"Pesquisas da Funed garantem indica\u00e7\u00e3o de origem do mel de aroeira do Norte de Minas"},"content":{"rendered":"<p>Estudos desenvolvidos pela<a href=\"http:\/\/www.funed.mg.gov.br\/\" target=\"_blank\" rel=\"noopener\">\u00a0Funda\u00e7\u00e3o Ezequiel Dias (Funed)<\/a>\u00a0garantiram a tipifica\u00e7\u00e3o do mel de aroeira do Norte de Minas. O registro de Indica\u00e7\u00e3o Geogr\u00e1fica (IG), na categoria Denomina\u00e7\u00e3o de Origem, foi concedido pelo Instituto Nacional de Propriedade Industrial (Inpi).<\/p>\n<p>\u201cOs projetos de pesquisa colaboraram para a defini\u00e7\u00e3o da identidade desse produto, para o entendimento da biologia da \u00e1rvore e suas intera\u00e7\u00f5es com as abelhas que coletam o n\u00e9ctar para elabora\u00e7\u00e3o do mel\u201d, explica a pesquisadora da Funed Paula Cala\u00e7a.<\/p>\n<p>As pesquisas foram realizadas pelo Servi\u00e7o de Recursos Vegetais e Opoter\u00e1picos (SRVO) da Funed e publicadas em peri\u00f3dicos reconhecidos internacionalmente, como a Apidologie e Plant Biology. Os trabalhos\u00a0contaram tamb\u00e9m com apoio de muitos servidores, estudantes, t\u00e9cnicos e apicultores.<\/p>\n<p><strong>Selo \u00a0<\/strong><\/p>\n<p>O requerimento da denomina\u00e7\u00e3o de origem foi feito pelo Conselho de Desenvolvimento da Apicultura Norte Mineira (Codeanm).\u00a0\u201cEssa indica\u00e7\u00e3o traz muitos benef\u00edcios para o Norte de Minas Gerais, fomenta o desenvolvimento da apicultura local, reconhece a qualidade do mel produzido na regi\u00e3o e estimula a preserva\u00e7\u00e3o das Matas Secas e das\u00a0abelhas\u201d, refor\u00e7a a pesquisadora da Funed.<\/p>\n<p>Mesmo com a conquista do selo de Indica\u00e7\u00e3o Geogr\u00e1fica, outros estudos com o mel de aroeira continuam sendo desenvolvidos pela Funed. \u201cO SRVO tem muitos trabalhos que investigam o potencial terap\u00eautico desse mel, que \u00e9 produzido tamb\u00e9m em outras regi\u00f5es do pa\u00eds, e cada uma delas pode pleitear a sua IG. Tipificar esses m\u00e9is \u00e9 uma pesquisa ativa do nosso grupo. Os estudos cont\u00ednuos com o mel de aroeira auxiliam na valoriza\u00e7\u00e3o cada vez maior do produto e possibilitam que ele ganhe mais mercado\u201d, explica a pesquisadora.<\/p>\n<p>Os estudos foram financiados pelo Banco do Nordeste do Brasil e pela Funda\u00e7\u00e3o de Amparo \u00e0 Pesquisa do Estado de Minas Gerais (Fapemig).<\/p>\n<p>Fonte: Ag\u00eancia Minas<\/p>\n","protected":false},"excerpt":{"rendered":"<p>Estudos desenvolvidos pela\u00a0Funda\u00e7\u00e3o Ezequiel Dias (Funed)\u00a0garantiram a tipifica\u00e7\u00e3o do mel de aroeira do Norte de Minas. O registro de Indica\u00e7\u00e3o Geogr\u00e1fica (IG), na categoria Denomina\u00e7\u00e3o de Origem, foi concedido pelo Instituto Nacional de Propriedade Industrial (Inpi). \u201cOs projetos de pesquisa colaboraram para a defini\u00e7\u00e3o da identidade desse produto, para o entendimento da biologia da \u00e1rvore [&hellip;]<\/p>\n","protected":false},"author":246,"featured_media":195158,"comment_status":"closed","ping_status":"closed","sticky":false,"template":"","format":"standard","meta":{"footnotes":""},"categories":[436,254,439],"tags":[],"class_list":["post-195157","post","type-post","status-publish","format-standard","has-post-thumbnail","hentry","category-destaque-da-semana","category-politica","category-ultima-hora"],"_links":{"self":[{"href":"https:\/\/diarioregionaldigital.com.br\/index.php?rest_route=\/wp\/v2\/posts\/195157","targetHints":{"allow":["GET"]}}],"collection":[{"href":"https:\/\/diarioregionaldigital.com.br\/index.php?rest_route=\/wp\/v2\/posts"}],"about":[{"href":"https:\/\/diarioregionaldigital.com.br\/index.php?rest_route=\/wp\/v2\/types\/post"}],"author":[{"embeddable":true,"href":"https:\/\/diarioregionaldigital.com.br\/index.php?rest_route=\/wp\/v2\/users\/246"}],"replies":[{"embeddable":true,"href":"https:\/\/diarioregionaldigital.com.br\/index.php?rest_route=%2Fwp%2Fv2%2Fcomments&post=195157"}],"version-history":[{"count":2,"href":"https:\/\/diarioregionaldigital.com.br\/index.php?rest_route=\/wp\/v2\/posts\/195157\/revisions"}],"predecessor-version":[{"id":195160,"href":"https:\/\/diarioregionaldigital.com.br\/index.php?rest_route=\/wp\/v2\/posts\/195157\/revisions\/195160"}],"wp:featuredmedia":[{"embeddable":true,"href":"https:\/\/diarioregionaldigital.com.br\/index.php?rest_route=\/wp\/v2\/media\/195158"}],"wp:attachment":[{"href":"https:\/\/diarioregionaldigital.com.br\/index.php?rest_route=%2Fwp%2Fv2%2Fmedia&parent=195157"}],"wp:term":[{"taxonomy":"category","embeddable":true,"href":"https:\/\/diarioregionaldigital.com.br\/index.php?rest_route=%2Fwp%2Fv2%2Fcategories&post=195157"},{"taxonomy":"post_tag","embeddable":true,"href":"https:\/\/diarioregionaldigital.com.br\/index.php?rest_route=%2Fwp%2Fv2%2Ftags&post=195157"}],"curies":[{"name":"wp","href":"https:\/\/api.w.org\/{rel}","templated":true}]}}