{"id":195154,"date":"2022-02-17T19:21:17","date_gmt":"2022-02-17T22:21:17","guid":{"rendered":"https:\/\/diarioregionaldigital.com.br\/?p=195154"},"modified":"2022-02-17T19:21:17","modified_gmt":"2022-02-17T22:21:17","slug":"governo-de-minas-faz-investimento-de-quase-r-100-milhoes-na-area-da-saude-no-triangulo-mineiro","status":"publish","type":"post","link":"https:\/\/diarioregionaldigital.com.br\/?p=195154","title":{"rendered":"Governo de Minas faz investimento de quase R$ 100 milh\u00f5es na \u00e1rea da Sa\u00fade no Tri\u00e2ngulo Mineiro"},"content":{"rendered":"<p>O\u00a0<a href=\"http:\/\/www.mg.gov.br\/\" target=\"_blank\" rel=\"noopener\">Governo de Minas<\/a>\u00a0vai investir R$ 96,8 milh\u00f5es para melhorias e amplia\u00e7\u00e3o do acesso aos servi\u00e7os de sa\u00fade prestados \u00e0 popula\u00e7\u00e3o do Tri\u00e2ngulo Mineiro. O an\u00fancio foi feito pelo governador Romeu Zema,\u00a0nesta quinta-feira (17\/2), durante evento realizado na cidade de Uberaba, que contou com a presen\u00e7a de prefeitos, vereadores e autoridades da regi\u00e3o.<\/p>\n<p>O valor ser\u00e1 aplicado no fortalecimento dos cuidados prim\u00e1rios, realiza\u00e7\u00e3o de cirurgias eletivas, compra de equipamentos hospitalares e ve\u00edculos para transporte de pacientes, abertura de leitos e obras em duas Unidades B\u00e1sicas de Sa\u00fade (UBS) na regi\u00e3o, entre outros programas da\u00a0<a href=\"http:\/\/www.saude.mg.gov.br\/\" target=\"_blank\" rel=\"noopener\">Secretaria de Estado de Sa\u00fade (SES-MG)<\/a>.<\/p>\n<p>O governador Romeu Zema explicou que o objetivo \u00e9 melhorar o atendimento ao cidad\u00e3o na regi\u00e3o. &#8220;Vale ressaltar que esses recursos j\u00e1 est\u00e3o sendo aplicados. Em 2021, Uberaba recebeu R$ 68 milh\u00f5es para a Sa\u00fade. Isso motra como avan\u00e7amos aqui com investimentos nesta \u00e1rea. O n\u00famero de UTIs na cidade aumentou em 27 unidades, e hoje est\u00e3o dispon\u00edveis para atender quem precisa. Al\u00e9m disso, os hospitais do munic\u00edpio, por meio do Valora Minas, tiveram aumento de 140% nos valores repassados. Em 2020, Uberaba recebeu R$ 7 milh\u00f5es e, ano passado, foram 17,1 milh\u00f5es&#8221;, destacou o governador.<\/p>\n<p>Zema ainda agradeceu aos servidores da Sa\u00fade e destacou o esfor\u00e7o do Estado para melhorar o servi\u00e7o prestado.<\/p>\n<p>\u201cPara mim, \u00e9 uma felicidade enorme participar deste grande passo que estamos dando em Minas Gerais. O que est\u00e1 sendo feito aqui em Uberaba e regi\u00e3o, se reflete tamb\u00e9m em outras cidades e regi\u00f5es de Minas. Em 2021, o Estado cumpriu com o gasto em Sa\u00fade que a constitui\u00e7\u00e3o determina. Um esfor\u00e7o enorme do governo, mas que fortalece o atendimento \u00e0 popula\u00e7\u00e3o. Nossa gest\u00e3o fez algo que somente bons profissionais conseguem fazer. Por isso, fica aqui minha gratid\u00e3o aos envolvidos na Sa\u00fade, desde o secret\u00e1rio at\u00e9 m\u00e9dicos e enfermeiros etc.&#8221;, ressaltou.<\/p>\n<p><strong>Investimento<\/strong><\/p>\n<p>Mais da metade do recurso, cerca de R$ 54 milh\u00f5es, ser\u00e1 destinado ao fortalecimento dos cuidados prim\u00e1rios, como o atendimento de consultas m\u00e9dicas e odontol\u00f3gicas, de enfermagem, vacinas e sa\u00fade da fam\u00edlia. Em 2021, foram empregados R$ 857 milh\u00f5es na Aten\u00e7\u00e3o Prim\u00e1ria \u00e0 Sa\u00fade (APS) em todo o estado. Esse \u00e9 o maior valor j\u00e1 aplicado na \u00e1rea na hist\u00f3ria do Estado e supera os investimentos acumulados nos \u00faltimos quatro anos. O servi\u00e7o \u00e9 fundamental para a preven\u00e7\u00e3o de doen\u00e7as e ajuda a reduzir a demanda de casos mais complexos, que pressionam o sistema de sa\u00fade.<\/p>\n<p>Para atender a demanda de cirurgias eletivas que ficou acumulada durante a pandemia, o Tri\u00e2ngulo Mineiro receber\u00e1 tamb\u00e9m R$ 11,5 milh\u00f5es, por meio do Programa Opera Minas, que \u00e9 mais uma a\u00e7\u00e3o da Pol\u00edtica de Aten\u00e7\u00e3o Hospitalar, dentro do Valora Minas. Cerca de 50 hospitais da regi\u00e3o ser\u00e3o contemplados.<\/p>\n<p>Outros R$ 11,4 milh\u00f5es foram destinados para a compra de ve\u00edculos de transporte sanit\u00e1rio eletivo, que ser\u00e3o entregues em 40 munic\u00edpios. Dessa forma, as pessoas que precisam se deslocar para fazer exames ou consultas especializadas fora de seu domic\u00edlio poder\u00e3o viajar com mais seguran\u00e7a e conforto.<\/p>\n<p>Foram empenhados ainda R$ 10,7 milh\u00f5es para que sete hospitais possam adquirir novos tom\u00f3grafos e modernizar os equipamentos existentes. Sete munic\u00edpios tamb\u00e9m receber\u00e3o repasse de R$ 3 milh\u00f5es para amplia\u00e7\u00e3o da Aten\u00e7\u00e3o Especializada em Doen\u00e7a Renal Cr\u00f4nica, beneficiando os pacientes que precisam de hemodi\u00e1lise.<\/p>\n<p>O governo ainda destinou R$ 1,2 milh\u00e3o para obras em Unidades B\u00e1sicas de Sa\u00fade (UBS) em Patroc\u00ednio e Santa Vit\u00f3ria e outros R$ 5 milh\u00f5es como incentivo para leitos adicionais para pacientes com covid.<\/p>\n<p><strong>Valora Minas<\/strong><\/p>\n<p>Al\u00e9m desses investimentos, o Tri\u00e2ngulo Mineiro teve um acr\u00e9scimo de R$ 39,2 milh\u00f5es nos recursos do financiamento hospitalar, o que representa aumento de 77% se comparado a 2020. Dessa forma, a regi\u00e3o receber\u00e1 R$ 89,6 milh\u00f5es.<\/p>\n<p>Desenvolvido pela Secretaria de Estado de Sa\u00fade (SES-MG), o Valora Minas representa a reestrutura\u00e7\u00e3o da antiga Pol\u00edtica de Aten\u00e7\u00e3o Hospitalar do Estado, vigente desde 2003. A nova proposta leva em considera\u00e7\u00e3o as necessidades da popula\u00e7\u00e3o, corrigindo diferen\u00e7as na aplica\u00e7\u00e3o de recursos entre as regi\u00f5es.<\/p>\n<p>O objetivo \u00e9 ampliar o acesso e melhorar a qualidade do atendimento prestado \u00e0 popula\u00e7\u00e3o, al\u00e9m de aumentar a oferta de leitos e servi\u00e7os, principalmente nas especialidades de m\u00e9dia complexidade.<\/p>\n<p><strong>Uberaba<\/strong><\/p>\n<p>Em Uberaba, local visitado pelo governador nesta quinta-feira, o Governo de Minas ir\u00e1 investir R$ 13,2 milh\u00f5es no sistema de sa\u00fade. Somente para as a\u00e7\u00f5es de Aten\u00e7\u00e3o Prim\u00e1ria \u00e0 Sa\u00fade ser\u00e3o pagos R$ 4,8 milh\u00f5es.<\/p>\n<p>Dentro do programa Opera Mais, Minas Gerais, o munic\u00edpio receber\u00e1 R$ 3,7 milh\u00f5es para procedimentos cir\u00fargicos eletivos e redu\u00e7\u00e3o de fila, sendo que R$ 1,2 milh\u00e3o j\u00e1 foi transferido. Outros R$ 3 milh\u00f5es foram destinados para a aquisi\u00e7\u00e3o de dois tom\u00f3grafos, atendendo o Hospital Universit\u00e1rio M\u00e1rio Palm\u00e9rio e o Hospital de Clinicas da UFTM.<\/p>\n<p>Al\u00e9m disso, Uberaba receber\u00e1 R$ 515 mil para amplia\u00e7\u00e3o nos tratamentos de hemodi\u00e1lise e R$ 285 mil para aquisi\u00e7\u00e3o de um ve\u00edculo de transporte sanit\u00e1rio eletivo.<\/p>\n<p>Por meio do Valora Minas, o governo repassou a Uberaba, em 2021, mais de R$ 17 milh\u00f5es, divididos em cinco hospitais. Esse n\u00famero \u00e9 140% maior que o valor pago em 2020. Ao todo, o munic\u00edpio recebeu mais de R$ 68 milh\u00f5es, o que supera a soma dos investimentos dos tr\u00eas anos anteriores.<\/p>\n<p>Fonte: Ag\u00eancia Minas<\/p>\n","protected":false},"excerpt":{"rendered":"<p>O\u00a0Governo de Minas\u00a0vai investir R$ 96,8 milh\u00f5es para melhorias e amplia\u00e7\u00e3o do acesso aos servi\u00e7os de sa\u00fade prestados \u00e0 popula\u00e7\u00e3o do Tri\u00e2ngulo Mineiro. O an\u00fancio foi feito pelo governador Romeu Zema,\u00a0nesta quinta-feira (17\/2), durante evento realizado na cidade de Uberaba, que contou com a presen\u00e7a de prefeitos, vereadores e autoridades da regi\u00e3o. O valor ser\u00e1 [&hellip;]<\/p>\n","protected":false},"author":246,"featured_media":195155,"comment_status":"closed","ping_status":"closed","sticky":false,"template":"","format":"standard","meta":{"footnotes":""},"categories":[436,440,254,439],"tags":[],"class_list":["post-195154","post","type-post","status-publish","format-standard","has-post-thumbnail","hentry","category-destaque-da-semana","category-destaques-do-dia","category-politica","category-ultima-hora"],"_links":{"self":[{"href":"https:\/\/diarioregionaldigital.com.br\/index.php?rest_route=\/wp\/v2\/posts\/195154","targetHints":{"allow":["GET"]}}],"collection":[{"href":"https:\/\/diarioregionaldigital.com.br\/index.php?rest_route=\/wp\/v2\/posts"}],"about":[{"href":"https:\/\/diarioregionaldigital.com.br\/index.php?rest_route=\/wp\/v2\/types\/post"}],"author":[{"embeddable":true,"href":"https:\/\/diarioregionaldigital.com.br\/index.php?rest_route=\/wp\/v2\/users\/246"}],"replies":[{"embeddable":true,"href":"https:\/\/diarioregionaldigital.com.br\/index.php?rest_route=%2Fwp%2Fv2%2Fcomments&post=195154"}],"version-history":[{"count":1,"href":"https:\/\/diarioregionaldigital.com.br\/index.php?rest_route=\/wp\/v2\/posts\/195154\/revisions"}],"predecessor-version":[{"id":195156,"href":"https:\/\/diarioregionaldigital.com.br\/index.php?rest_route=\/wp\/v2\/posts\/195154\/revisions\/195156"}],"wp:featuredmedia":[{"embeddable":true,"href":"https:\/\/diarioregionaldigital.com.br\/index.php?rest_route=\/wp\/v2\/media\/195155"}],"wp:attachment":[{"href":"https:\/\/diarioregionaldigital.com.br\/index.php?rest_route=%2Fwp%2Fv2%2Fmedia&parent=195154"}],"wp:term":[{"taxonomy":"category","embeddable":true,"href":"https:\/\/diarioregionaldigital.com.br\/index.php?rest_route=%2Fwp%2Fv2%2Fcategories&post=195154"},{"taxonomy":"post_tag","embeddable":true,"href":"https:\/\/diarioregionaldigital.com.br\/index.php?rest_route=%2Fwp%2Fv2%2Ftags&post=195154"}],"curies":[{"name":"wp","href":"https:\/\/api.w.org\/{rel}","templated":true}]}}