{"id":195151,"date":"2022-02-17T19:12:09","date_gmt":"2022-02-17T22:12:09","guid":{"rendered":"https:\/\/diarioregionaldigital.com.br\/?p=195151"},"modified":"2022-02-17T19:12:09","modified_gmt":"2022-02-17T22:12:09","slug":"consorcio-vence-leilao-de-iluminacao-publica-de-caruaru","status":"publish","type":"post","link":"https:\/\/diarioregionaldigital.com.br\/?p=195151","title":{"rendered":"Cons\u00f3rcio vence leil\u00e3o de ilumina\u00e7\u00e3o p\u00fablica de Caruaru"},"content":{"rendered":"<p>O Cons\u00f3rcio Luz de Caruaru foi o vencedor do leil\u00e3o do projeto de Parceria P\u00fablico-Privada (PPP) de ilumina\u00e7\u00e3o p\u00fablica promovido pela prefeitura de Caruaru (PE), na B3, em S\u00e3o Paulo. O cons\u00f3rcio \u00e9 formado pela Enel, Mobit e Selt Engenharia e a concess\u00e3o \u00e9 por 20 anos.<img decoding=\"async\" src=\"https:\/\/agenciabrasil.ebc.com.br\/ebc.png?id=1442966&amp;o=node\" \/><img decoding=\"async\" src=\"https:\/\/agenciabrasil.ebc.com.br\/ebc.gif?id=1442966&amp;o=node\" \/><\/p>\n<p>O cons\u00f3rcio ofereceu a proposta mais vantajosa, com menor valor de contrapresta\u00e7\u00e3o mensal. O valor ofertado foi de R$ 388.204,86, com des\u00e1gio de 66,21% em rela\u00e7\u00e3o ao valor m\u00e1ximo definido em edital, de R$ 1,15 milh\u00e3o.<\/p>\n<p>A parceria p\u00fablico-privada inclui implanta\u00e7\u00e3o, recupera\u00e7\u00e3o, instala\u00e7\u00e3o, moderniza\u00e7\u00e3o, melhoramento, expans\u00e3o, opera\u00e7\u00e3o e manuten\u00e7\u00e3o da rede de ilumina\u00e7\u00e3o municipal. A concess\u00e3o prev\u00ea ainda a implanta\u00e7\u00e3o de l\u00e2mpadas de LED nos pontos de ilumina\u00e7\u00e3o p\u00fablica do munic\u00edpio. A expectativa \u00e9 que sejam investidos R$ 105 milh\u00f5es no sistema ao longo de 20 anos.<\/p>\n<p>A PPP \u00e9 resultado da coopera\u00e7\u00e3o da prefeitura de Caruaru com o Banco Nacional de Desenvolvimento Econ\u00f4mico e Social (BNDES). &#8220;Trata-se de um leil\u00e3o relevante para o banco porque atende a uma de nossas prioridades estrat\u00e9gicas: cidades. Levar o estado da arte na estrutura\u00e7\u00e3o de projetos de ilumina\u00e7\u00e3o, mobilidade urbana, saneamento e res\u00edduos s\u00f3lidos para reduzir um hiato em infraestrutura em grandes centros urbanos do interior do Nordeste. Aplicamos o que h\u00e1 de melhor em modelagem no Brasil para beneficiar 365 mil caruaruenses. Vamos modernizar o parque de ilumina\u00e7\u00e3o p\u00fablica e reduzir em quase 50% o consumo com energia el\u00e9trica pela cidade&#8221;, disse Gustavo Montezano, presidente do BNDES.<\/p>\n<p>\u201cEssa carteira de ilumina\u00e7\u00e3o p\u00fablica \u00e9 uma carteira que o governo federal tem apoiado h\u00e1 cerca de quatro ou cinco anos, no m\u00e1ximo, e hoje ela tem 40 projetos em estrutura\u00e7\u00e3o. O projeto da prefeitura de Caruaru \u00e9 o 13o que \u00e9 levado a leil\u00e3o. Seis deles sob estrutura\u00e7\u00e3o do BNDES. Os demais sob o fundo de estrutura\u00e7\u00e3o de projetos da Caixa Econ\u00f4mica Federal. Temos a\u00ed 27 projetos em carteira para serem levados a licita\u00e7\u00e3o. O pr\u00f3ximo tamb\u00e9m \u00e9 estruturado pelo BNDES, que \u00e9 de Jaboat\u00e3o dos Guararapes\u201d, disse Manoel Renato Filho, diretor de Programa da Secretaria Especial do Programa de Parcerias de Investimentos do Minist\u00e9rio da Economia.<\/p>\n<p>Segundo a prefeita de Caruaru, Raquel Lyra, a concess\u00e3o vai trazer avan\u00e7os para a cidade, dando mais seguran\u00e7a e sustentabilidade. \u201c[Isso] permite \u00e0 nossa cidade ser mais inteligente, mais segura e dar mais qualidade de vida para nossa popula\u00e7\u00e3o\u201d, disse.<\/p>\n<p>Fonte: Ag\u00eancia Brasil<\/p>\n","protected":false},"excerpt":{"rendered":"<p>O Cons\u00f3rcio Luz de Caruaru foi o vencedor do leil\u00e3o do projeto de Parceria P\u00fablico-Privada (PPP) de ilumina\u00e7\u00e3o p\u00fablica promovido pela prefeitura de Caruaru (PE), na B3, em S\u00e3o Paulo. O cons\u00f3rcio \u00e9 formado pela Enel, Mobit e Selt Engenharia e a concess\u00e3o \u00e9 por 20 anos. O cons\u00f3rcio ofereceu a proposta mais vantajosa, com [&hellip;]<\/p>\n","protected":false},"author":246,"featured_media":195152,"comment_status":"closed","ping_status":"closed","sticky":false,"template":"","format":"standard","meta":{"footnotes":""},"categories":[436,261,439],"tags":[],"class_list":["post-195151","post","type-post","status-publish","format-standard","has-post-thumbnail","hentry","category-destaque-da-semana","category-economia","category-ultima-hora"],"_links":{"self":[{"href":"https:\/\/diarioregionaldigital.com.br\/index.php?rest_route=\/wp\/v2\/posts\/195151","targetHints":{"allow":["GET"]}}],"collection":[{"href":"https:\/\/diarioregionaldigital.com.br\/index.php?rest_route=\/wp\/v2\/posts"}],"about":[{"href":"https:\/\/diarioregionaldigital.com.br\/index.php?rest_route=\/wp\/v2\/types\/post"}],"author":[{"embeddable":true,"href":"https:\/\/diarioregionaldigital.com.br\/index.php?rest_route=\/wp\/v2\/users\/246"}],"replies":[{"embeddable":true,"href":"https:\/\/diarioregionaldigital.com.br\/index.php?rest_route=%2Fwp%2Fv2%2Fcomments&post=195151"}],"version-history":[{"count":1,"href":"https:\/\/diarioregionaldigital.com.br\/index.php?rest_route=\/wp\/v2\/posts\/195151\/revisions"}],"predecessor-version":[{"id":195153,"href":"https:\/\/diarioregionaldigital.com.br\/index.php?rest_route=\/wp\/v2\/posts\/195151\/revisions\/195153"}],"wp:featuredmedia":[{"embeddable":true,"href":"https:\/\/diarioregionaldigital.com.br\/index.php?rest_route=\/wp\/v2\/media\/195152"}],"wp:attachment":[{"href":"https:\/\/diarioregionaldigital.com.br\/index.php?rest_route=%2Fwp%2Fv2%2Fmedia&parent=195151"}],"wp:term":[{"taxonomy":"category","embeddable":true,"href":"https:\/\/diarioregionaldigital.com.br\/index.php?rest_route=%2Fwp%2Fv2%2Fcategories&post=195151"},{"taxonomy":"post_tag","embeddable":true,"href":"https:\/\/diarioregionaldigital.com.br\/index.php?rest_route=%2Fwp%2Fv2%2Ftags&post=195151"}],"curies":[{"name":"wp","href":"https:\/\/api.w.org\/{rel}","templated":true}]}}