{"id":195148,"date":"2022-02-17T19:09:53","date_gmt":"2022-02-17T22:09:53","guid":{"rendered":"https:\/\/diarioregionaldigital.com.br\/?p=195148"},"modified":"2022-02-17T19:09:53","modified_gmt":"2022-02-17T22:09:53","slug":"caixa-libera-abono-salarial-para-trabalhadores-nascidos-em-abril","status":"publish","type":"post","link":"https:\/\/diarioregionaldigital.com.br\/?p=195148","title":{"rendered":"Caixa libera abono salarial para trabalhadores nascidos em abril"},"content":{"rendered":"<p>Os trabalhadores da iniciativa privada nascidos em abril recebem hoje (17) o abono salarial ano-base 2020. A Caixa Econ\u00f4mica Federal iniciou o pagamento no \u00faltimo dia 8 e prosseguir\u00e1 com a libera\u00e7\u00e3o at\u00e9 31 de mar\u00e7o, baseada no m\u00eas de nascimento do benefici\u00e1rio.<\/p>\n<p>Tamb\u00e9m hoje, o Banco do Brasil libera o abono salarial para os trabalhadores do setor p\u00fablico com inscri\u00e7\u00e3o final 2 e 3. O pagamento para essa categoria &#8211; servidores p\u00fablicos, militares e empregados de estatais inscritos no Pasep &#8211; come\u00e7ou a ser feito na ter\u00e7a-feira (15) e segue at\u00e9 24 de mar\u00e7o, com base no d\u00edgito final da inscri\u00e7\u00e3o do servidor.<\/p>\n<p>O abono de at\u00e9 um sal\u00e1rio m\u00ednimo \u00e9 pago aos trabalhadores inscritos no Programa de Integra\u00e7\u00e3o Social (PIS) ou no Programa de Forma\u00e7\u00e3o do Patrim\u00f4nio do Servidor P\u00fablico (Pasep) h\u00e1 pelo menos cinco anos. Recebe agora quem trabalhou formalmente por pelo menos 30 dias em 2020, com remunera\u00e7\u00e3o mensal m\u00e9dia de at\u00e9 dois sal\u00e1rios m\u00ednimos.<\/p>\n<p>Trabalhadores da iniciativa privada que recebem pela Caixa Econ\u00f4mica Federal:<\/p>\n<p>M\u00eas de Nascimento Data do pagamento<br \/>\nJaneiro 8 de fevereiro<br \/>\nFevereiro 10 de fevereiro<br \/>\nMar\u00e7o 15 de fevereiro<br \/>\nAbril 17 de fevereiro<br \/>\nMaio 22 de fevereiro<br \/>\nJunho 24 de fevereiro<br \/>\nJulho 15 de mar\u00e7o<br \/>\nAgosto 17 de mar\u00e7o<br \/>\nSetembro 22 de mar\u00e7o<br \/>\nOutubro 24 de mar\u00e7o<br \/>\nNovembro 29 de mar\u00e7o<br \/>\nDezembro 31 de mar\u00e7o<\/p>\n<p>Trabalhadores do setor p\u00fablico, que recebem pelo Banco do Brasil:<\/p>\n<p>Final da inscri\u00e7\u00e3o Data do pagamento<br \/>\n0 15 de fevereiro<br \/>\n1 15 de fevereiro<br \/>\n2 17 de fevereiro<br \/>\n3 17 de fevereiro<br \/>\n4 22 de fevereiro<br \/>\n5 24 de fevereiro<br \/>\n6 15 de mar\u00e7o<br \/>\n7 17 de mar\u00e7o<br \/>\n8 22 de mar\u00e7o<br \/>\n9 24 de mar\u00e7o<\/p>\n<p>Os valores pagos a cada trabalhador variam de acordo com a quantidade de dias trabalhados durante o ano-base 2020.<\/p>\n<p>Devem receber o benef\u00edcio cerca de 22 milh\u00f5es de trabalhadores, com valor total de mais de R$ 20 bilh\u00f5es. Os recursos s\u00e3o do Fundo de Amparo ao Trabalhador (FAT).<\/p>\n<p>A Caixa informou que o cr\u00e9dito ser\u00e1 depositado automaticamente para quem tem conta no banco. Os demais benefici\u00e1rios receber\u00e3o os valores por meio da Poupan\u00e7a Social Digital, podendo ser movimentada pelo aplicativo Caixa Tem.<\/p>\n<p>Caso n\u00e3o seja poss\u00edvel a abertura da conta digital, o saque poder\u00e1 ser feito com o Cart\u00e3o do Cidad\u00e3o e senha nos terminais de autoatendimento, unidades lot\u00e9ricas, Caixa Aqui ou ag\u00eancias, sempre de acordo com o calend\u00e1rio de pagamento.<\/p>\n<p>Para benefici\u00e1rios residentes nos munic\u00edpios da Bahia e de Minas Gerais em situa\u00e7\u00e3o de emerg\u00eancia, devido \u00e0s fortes chuvas, o pagamento foi liberado no \u00faltimo dia 8, independentemente do m\u00eas de nascimento.<\/p>\n<p>Fonte: Ag\u00eancia Brasil<\/p>\n<p>&nbsp;<\/p>\n","protected":false},"excerpt":{"rendered":"<p>Os trabalhadores da iniciativa privada nascidos em abril recebem hoje (17) o abono salarial ano-base 2020. A Caixa Econ\u00f4mica Federal iniciou o pagamento no \u00faltimo dia 8 e prosseguir\u00e1 com a libera\u00e7\u00e3o at\u00e9 31 de mar\u00e7o, baseada no m\u00eas de nascimento do benefici\u00e1rio. Tamb\u00e9m hoje, o Banco do Brasil libera o abono salarial para os [&hellip;]<\/p>\n","protected":false},"author":246,"featured_media":195149,"comment_status":"closed","ping_status":"closed","sticky":false,"template":"","format":"standard","meta":{"footnotes":""},"categories":[436,261,439],"tags":[],"class_list":["post-195148","post","type-post","status-publish","format-standard","has-post-thumbnail","hentry","category-destaque-da-semana","category-economia","category-ultima-hora"],"_links":{"self":[{"href":"https:\/\/diarioregionaldigital.com.br\/index.php?rest_route=\/wp\/v2\/posts\/195148","targetHints":{"allow":["GET"]}}],"collection":[{"href":"https:\/\/diarioregionaldigital.com.br\/index.php?rest_route=\/wp\/v2\/posts"}],"about":[{"href":"https:\/\/diarioregionaldigital.com.br\/index.php?rest_route=\/wp\/v2\/types\/post"}],"author":[{"embeddable":true,"href":"https:\/\/diarioregionaldigital.com.br\/index.php?rest_route=\/wp\/v2\/users\/246"}],"replies":[{"embeddable":true,"href":"https:\/\/diarioregionaldigital.com.br\/index.php?rest_route=%2Fwp%2Fv2%2Fcomments&post=195148"}],"version-history":[{"count":1,"href":"https:\/\/diarioregionaldigital.com.br\/index.php?rest_route=\/wp\/v2\/posts\/195148\/revisions"}],"predecessor-version":[{"id":195150,"href":"https:\/\/diarioregionaldigital.com.br\/index.php?rest_route=\/wp\/v2\/posts\/195148\/revisions\/195150"}],"wp:featuredmedia":[{"embeddable":true,"href":"https:\/\/diarioregionaldigital.com.br\/index.php?rest_route=\/wp\/v2\/media\/195149"}],"wp:attachment":[{"href":"https:\/\/diarioregionaldigital.com.br\/index.php?rest_route=%2Fwp%2Fv2%2Fmedia&parent=195148"}],"wp:term":[{"taxonomy":"category","embeddable":true,"href":"https:\/\/diarioregionaldigital.com.br\/index.php?rest_route=%2Fwp%2Fv2%2Fcategories&post=195148"},{"taxonomy":"post_tag","embeddable":true,"href":"https:\/\/diarioregionaldigital.com.br\/index.php?rest_route=%2Fwp%2Fv2%2Ftags&post=195148"}],"curies":[{"name":"wp","href":"https:\/\/api.w.org\/{rel}","templated":true}]}}