{"id":195142,"date":"2022-02-17T19:04:19","date_gmt":"2022-02-17T22:04:19","guid":{"rendered":"https:\/\/diarioregionaldigital.com.br\/?p=195142"},"modified":"2022-02-17T19:04:19","modified_gmt":"2022-02-17T22:04:19","slug":"ministro-paulo-guedes-diz-que-brasil-preservou-responsabilidade-fiscal","status":"publish","type":"post","link":"https:\/\/diarioregionaldigital.com.br\/?p=195142","title":{"rendered":"Ministro Paulo Guedes diz que Brasil preservou responsabilidade fiscal"},"content":{"rendered":"<p>O Brasil conseguiu preservar a responsabilidade fiscal em 2021 ap\u00f3s os gastos recordes em 2020 devido \u00e0 pandemia de covid-19, disse\u00a0hoje\u00a0(17) o ministro da Economia, Paulo Guedes. Ele participou de reuni\u00e3o de ministros de Finan\u00e7as e presidentes de Bancos Centrais do G20 (grupo das 20 maiores economias do planeta) por meio de v\u00eddeo gravado e disse que diversas proje\u00e7\u00f5es sobre o pa\u00eds estavam equivocadas.<img decoding=\"async\" src=\"https:\/\/agenciabrasil.ebc.com.br\/ebc.png?id=1442994&amp;o=node\" \/><img decoding=\"async\" src=\"https:\/\/agenciabrasil.ebc.com.br\/ebc.gif?id=1442994&amp;o=node\" \/><\/p>\n<p>\u201cNosso d\u00e9ficit prim\u00e1rio caiu de 10% do PIB [Produto Interno Bruto], em 2020, para 0,4% em 2021, o melhor n\u00edvel desde 2014. A d\u00edvida p\u00fablica [bruta], que os pessimistas disseram que chegaria a 100% do PIB, est\u00e1 de volta a gerenci\u00e1veis 80% em 2021. Os gastos p\u00fablicos ca\u00edram de 26% do PIB para 18,6%. Essas s\u00e3o conquistas que poucas economias no mundo obtiveram. As previs\u00f5es pessimistas t\u00eam se provado equivocadas de forma consistente. N\u00f3s mantivemos s\u00f3lidos fundamentos fiscais\u201d, declarou o ministro.<\/p>\n<p>Guedes tamb\u00e9m disse que o Brasil est\u00e1 preparado para o crescimento. Segundo ele, o PIB brasileiro recuperou-se de forma acelerada em 2021, e o pa\u00eds tornou-se uma das nove economias do G20 que recuperaram o n\u00edvel de produ\u00e7\u00e3o observado antes da pandemia.<\/p>\n<p>Para Guedes, a recupera\u00e7\u00e3o da economia brasileira em 2021 pode ser explicada pelo \u201co alto \u00edndice da popula\u00e7\u00e3o plenamente vacinada\u201d contra a covid-19 e pelos programas de preserva\u00e7\u00e3o de empregos. Na avalia\u00e7\u00e3o do ministro, as medidas foram suficientes para criarem 3 milh\u00f5es de vagas formais no ano passado e reduzir a taxa de desemprego.<\/p>\n<p>O ministro disse que o Brasil come\u00e7ou a retirar os est\u00edmulos no ano passado, ao mesmo tempo em que deu seguimento \u00e0 agenda de reformas. Guedes citou outras medidas, como a agenda de concess\u00f5es e de privatiza\u00e7\u00f5es, que atraiu, segundo ele, volume recorde de investimentos privados em infraestrutura. Outras medidas mencionadas por ele foram o avan\u00e7o do governo digital e em medidas para reduzir a burocracia e melhorar o ambiente de neg\u00f3cios.<\/p>\n<p>Realizado de forma h\u00edbrida (presencial e virtual), o encontro dos ministros de Finan\u00e7as e presidentes de Bancos Centrais do G20 termina amanh\u00e3 (18). O evento discute estrat\u00e9gias de sa\u00edda gradual dos programas de est\u00edmulos econ\u00f4micos adotados na pandemia. A diretora de Assuntos Internacionais e de Gest\u00e3o de Riscos Corporativos do Banco Central, Fernanda Guardado, tamb\u00e9m participou do encontro, por meio de videoconfer\u00eancia.<\/p>\n<p>Fonte: Ag\u00eancia Brasil<\/p>\n","protected":false},"excerpt":{"rendered":"<p>O Brasil conseguiu preservar a responsabilidade fiscal em 2021 ap\u00f3s os gastos recordes em 2020 devido \u00e0 pandemia de covid-19, disse\u00a0hoje\u00a0(17) o ministro da Economia, Paulo Guedes. Ele participou de reuni\u00e3o de ministros de Finan\u00e7as e presidentes de Bancos Centrais do G20 (grupo das 20 maiores economias do planeta) por meio de v\u00eddeo gravado e [&hellip;]<\/p>\n","protected":false},"author":246,"featured_media":195143,"comment_status":"closed","ping_status":"closed","sticky":false,"template":"","format":"standard","meta":{"footnotes":""},"categories":[436,440,261,439],"tags":[],"class_list":["post-195142","post","type-post","status-publish","format-standard","has-post-thumbnail","hentry","category-destaque-da-semana","category-destaques-do-dia","category-economia","category-ultima-hora"],"_links":{"self":[{"href":"https:\/\/diarioregionaldigital.com.br\/index.php?rest_route=\/wp\/v2\/posts\/195142","targetHints":{"allow":["GET"]}}],"collection":[{"href":"https:\/\/diarioregionaldigital.com.br\/index.php?rest_route=\/wp\/v2\/posts"}],"about":[{"href":"https:\/\/diarioregionaldigital.com.br\/index.php?rest_route=\/wp\/v2\/types\/post"}],"author":[{"embeddable":true,"href":"https:\/\/diarioregionaldigital.com.br\/index.php?rest_route=\/wp\/v2\/users\/246"}],"replies":[{"embeddable":true,"href":"https:\/\/diarioregionaldigital.com.br\/index.php?rest_route=%2Fwp%2Fv2%2Fcomments&post=195142"}],"version-history":[{"count":1,"href":"https:\/\/diarioregionaldigital.com.br\/index.php?rest_route=\/wp\/v2\/posts\/195142\/revisions"}],"predecessor-version":[{"id":195144,"href":"https:\/\/diarioregionaldigital.com.br\/index.php?rest_route=\/wp\/v2\/posts\/195142\/revisions\/195144"}],"wp:featuredmedia":[{"embeddable":true,"href":"https:\/\/diarioregionaldigital.com.br\/index.php?rest_route=\/wp\/v2\/media\/195143"}],"wp:attachment":[{"href":"https:\/\/diarioregionaldigital.com.br\/index.php?rest_route=%2Fwp%2Fv2%2Fmedia&parent=195142"}],"wp:term":[{"taxonomy":"category","embeddable":true,"href":"https:\/\/diarioregionaldigital.com.br\/index.php?rest_route=%2Fwp%2Fv2%2Fcategories&post=195142"},{"taxonomy":"post_tag","embeddable":true,"href":"https:\/\/diarioregionaldigital.com.br\/index.php?rest_route=%2Fwp%2Fv2%2Ftags&post=195142"}],"curies":[{"name":"wp","href":"https:\/\/api.w.org\/{rel}","templated":true}]}}