{"id":195006,"date":"2022-02-14T15:53:19","date_gmt":"2022-02-14T18:53:19","guid":{"rendered":"https:\/\/diarioregionaldigital.com.br\/?p=195006"},"modified":"2022-02-14T15:53:19","modified_gmt":"2022-02-14T18:53:19","slug":"procon-divulga-nova-pesquisa-de-preco-de-combustiveis","status":"publish","type":"post","link":"https:\/\/diarioregionaldigital.com.br\/?p=195006","title":{"rendered":"Procon divulga nova pesquisa de pre\u00e7o de combust\u00edveis"},"content":{"rendered":"<p>Segundo informa\u00e7\u00f5es do site da Prefeitura de Juiz de Fora, a Ag\u00eancia de Prote\u00e7\u00e3o e Defesa do Consumidor (Procon\/JF) da Prefeitura de Juiz de Fora (PJF), por meio do Departamento de Estudos Pesquisas e Projetos (DEPP), realizou nova pesquisa por amostragem a fim de levantar varia\u00e7\u00f5es do pre\u00e7o dos combust\u00edveis observadas na regi\u00e3o nordeste da cidade.<br \/>\nO Procon vem acompanhando o comportamento dos pre\u00e7os dos combust\u00edveis desde o m\u00eas de agosto de 2021. Na presente pesquisa, apresenta comparativo entre as m\u00e9dias de pre\u00e7os observadas em coletas dos dias 16 de novembro de 2021, 29 de novembro de 2021, e 7 de fevereiro de 2022, realizadas na regi\u00e3o Nordeste. De acordo com a pesquisa geral da cidade de Juiz de Fora, comparando os pre\u00e7os m\u00e9dios realizados em 24 de janeiro de 2022, houve queda da gasolina comum, gasolina aditivada, etanol; j\u00e1 o diesel comum e o diesel s-10 apresentaram aumento.<br \/>\nAl\u00e9m da an\u00e1lise da varia\u00e7\u00e3o dos pre\u00e7os dos combust\u00edveis, observados na cidade de Juiz de Fora, a pesquisa tamb\u00e9m apresenta estudo de dados da Ag\u00eancia Nacional de Petr\u00f3leo, coletados no per\u00edodo de 31 de janeiro de 2022 a 05 de fevereiro de 2022, sendo poss\u00edvel comparar os valores praticados em Juiz de Fora com outras cidades de Minas Gerais.<br \/>\nO Procon de Juiz de Fora faz o acompanhamento dos pre\u00e7os dos combust\u00edveis realizando coleta de dados, a cada quinze dias, em diferentes regi\u00f5es da cidade. A cada pesquisa s\u00e3o visitados dez postos de combust\u00edveis e, entre as an\u00e1lises feitas, \u00e9 realizada a m\u00e9dia dos valores praticados para Gasolina Comum, Gasolina Aditivada, Etanol, Diesel e Diesel S-10 e GNV.<br \/>\nAcompanhe as varia\u00e7\u00f5es atrav\u00e9s da p\u00e1gina de pesquisas do\u00a0<a href=\"https:\/\/www.pjf.mg.gov.br\/administracao_indireta\/procon\/pesquisas\/\"><strong>Procon\/JF no portal da PJF<\/strong><\/a><strong>.<br \/>\n<\/strong><\/p>\n","protected":false},"excerpt":{"rendered":"<p>Segundo informa\u00e7\u00f5es do site da Prefeitura de Juiz de Fora, a Ag\u00eancia de Prote\u00e7\u00e3o e Defesa do Consumidor (Procon\/JF) da Prefeitura de Juiz de Fora (PJF), por meio do Departamento de Estudos Pesquisas e Projetos (DEPP), realizou nova pesquisa por amostragem a fim de levantar varia\u00e7\u00f5es do pre\u00e7o dos combust\u00edveis observadas na regi\u00e3o nordeste da [&hellip;]<\/p>\n","protected":false},"author":246,"featured_media":195007,"comment_status":"closed","ping_status":"closed","sticky":false,"template":"","format":"standard","meta":{"footnotes":""},"categories":[253,436,439],"tags":[],"class_list":["post-195006","post","type-post","status-publish","format-standard","has-post-thumbnail","hentry","category-cidade","category-destaque-da-semana","category-ultima-hora"],"_links":{"self":[{"href":"https:\/\/diarioregionaldigital.com.br\/index.php?rest_route=\/wp\/v2\/posts\/195006","targetHints":{"allow":["GET"]}}],"collection":[{"href":"https:\/\/diarioregionaldigital.com.br\/index.php?rest_route=\/wp\/v2\/posts"}],"about":[{"href":"https:\/\/diarioregionaldigital.com.br\/index.php?rest_route=\/wp\/v2\/types\/post"}],"author":[{"embeddable":true,"href":"https:\/\/diarioregionaldigital.com.br\/index.php?rest_route=\/wp\/v2\/users\/246"}],"replies":[{"embeddable":true,"href":"https:\/\/diarioregionaldigital.com.br\/index.php?rest_route=%2Fwp%2Fv2%2Fcomments&post=195006"}],"version-history":[{"count":1,"href":"https:\/\/diarioregionaldigital.com.br\/index.php?rest_route=\/wp\/v2\/posts\/195006\/revisions"}],"predecessor-version":[{"id":195008,"href":"https:\/\/diarioregionaldigital.com.br\/index.php?rest_route=\/wp\/v2\/posts\/195006\/revisions\/195008"}],"wp:featuredmedia":[{"embeddable":true,"href":"https:\/\/diarioregionaldigital.com.br\/index.php?rest_route=\/wp\/v2\/media\/195007"}],"wp:attachment":[{"href":"https:\/\/diarioregionaldigital.com.br\/index.php?rest_route=%2Fwp%2Fv2%2Fmedia&parent=195006"}],"wp:term":[{"taxonomy":"category","embeddable":true,"href":"https:\/\/diarioregionaldigital.com.br\/index.php?rest_route=%2Fwp%2Fv2%2Fcategories&post=195006"},{"taxonomy":"post_tag","embeddable":true,"href":"https:\/\/diarioregionaldigital.com.br\/index.php?rest_route=%2Fwp%2Fv2%2Ftags&post=195006"}],"curies":[{"name":"wp","href":"https:\/\/api.w.org\/{rel}","templated":true}]}}