{"id":195003,"date":"2022-02-14T15:51:53","date_gmt":"2022-02-14T18:51:53","guid":{"rendered":"https:\/\/diarioregionaldigital.com.br\/?p=195003"},"modified":"2022-02-14T15:51:53","modified_gmt":"2022-02-14T18:51:53","slug":"escolas-municipais-iniciam-aulas-presenciais-do-calendario-2022-em-juiz-de-fora","status":"publish","type":"post","link":"https:\/\/diarioregionaldigital.com.br\/?p=195003","title":{"rendered":"Escolas Municipais iniciam aulas presenciais do calend\u00e1rio 2022 em Juiz de Fora"},"content":{"rendered":"<p>Segundo informa\u00e7\u00f5es do site da Prefeitura de Juiz de Fora, com o foco na seguran\u00e7a, seguindo todos os protocolos e sem perder a alegria, nesta segunda-feira, 14, cerca de 41 mil alunos est\u00e3o voltando \u00e0s atividades presenciais na rede municipal de ensino.<\/p>\n<p>Desde o ano passado, a Prefeitura de Juiz de Fora (PJF) tem trabalhado em todas as 101 escolas na readequa\u00e7\u00e3o dos espa\u00e7os f\u00edsicos, locais para higieniza\u00e7\u00e3o das m\u00e3os, capacita\u00e7\u00e3o dos profissionais da educa\u00e7\u00e3o e muitas outras a\u00e7\u00f5es.<\/p>\n<p>Um fator crucial para o retorno 100% e n\u00e3o facultativo nas salas de aula foi o avan\u00e7o da vacina\u00e7\u00e3o na cidade. Houve tamb\u00e9m a publica\u00e7\u00e3o da atualiza\u00e7\u00e3o do Protocolo Sanit\u00e1rio, visando atender ao momento atual da Pandemia de Covid-19.<\/p>\n<p>\u201cEstamos muito felizes com este momento. Acreditamos que este retorno presencial se dar\u00e1 com muita seguran\u00e7a, com tranquilidade e \u00f3bvio que com muita ansiedade tamb\u00e9m. A escola \u00e9 isso, as pessoas estarem juntas, uns aprendendo com os outros mais do que a sala de aula\u201d, disse a secret\u00e1ria de Educa\u00e7\u00e3o N\u00e1dia Ribas.<\/p>\n","protected":false},"excerpt":{"rendered":"<p>Segundo informa\u00e7\u00f5es do site da Prefeitura de Juiz de Fora, com o foco na seguran\u00e7a, seguindo todos os protocolos e sem perder a alegria, nesta segunda-feira, 14, cerca de 41 mil alunos est\u00e3o voltando \u00e0s atividades presenciais na rede municipal de ensino. Desde o ano passado, a Prefeitura de Juiz de Fora (PJF) tem trabalhado [&hellip;]<\/p>\n","protected":false},"author":246,"featured_media":195004,"comment_status":"closed","ping_status":"closed","sticky":false,"template":"","format":"standard","meta":{"footnotes":""},"categories":[253,436,439],"tags":[],"class_list":["post-195003","post","type-post","status-publish","format-standard","has-post-thumbnail","hentry","category-cidade","category-destaque-da-semana","category-ultima-hora"],"_links":{"self":[{"href":"https:\/\/diarioregionaldigital.com.br\/index.php?rest_route=\/wp\/v2\/posts\/195003","targetHints":{"allow":["GET"]}}],"collection":[{"href":"https:\/\/diarioregionaldigital.com.br\/index.php?rest_route=\/wp\/v2\/posts"}],"about":[{"href":"https:\/\/diarioregionaldigital.com.br\/index.php?rest_route=\/wp\/v2\/types\/post"}],"author":[{"embeddable":true,"href":"https:\/\/diarioregionaldigital.com.br\/index.php?rest_route=\/wp\/v2\/users\/246"}],"replies":[{"embeddable":true,"href":"https:\/\/diarioregionaldigital.com.br\/index.php?rest_route=%2Fwp%2Fv2%2Fcomments&post=195003"}],"version-history":[{"count":1,"href":"https:\/\/diarioregionaldigital.com.br\/index.php?rest_route=\/wp\/v2\/posts\/195003\/revisions"}],"predecessor-version":[{"id":195005,"href":"https:\/\/diarioregionaldigital.com.br\/index.php?rest_route=\/wp\/v2\/posts\/195003\/revisions\/195005"}],"wp:featuredmedia":[{"embeddable":true,"href":"https:\/\/diarioregionaldigital.com.br\/index.php?rest_route=\/wp\/v2\/media\/195004"}],"wp:attachment":[{"href":"https:\/\/diarioregionaldigital.com.br\/index.php?rest_route=%2Fwp%2Fv2%2Fmedia&parent=195003"}],"wp:term":[{"taxonomy":"category","embeddable":true,"href":"https:\/\/diarioregionaldigital.com.br\/index.php?rest_route=%2Fwp%2Fv2%2Fcategories&post=195003"},{"taxonomy":"post_tag","embeddable":true,"href":"https:\/\/diarioregionaldigital.com.br\/index.php?rest_route=%2Fwp%2Fv2%2Ftags&post=195003"}],"curies":[{"name":"wp","href":"https:\/\/api.w.org\/{rel}","templated":true}]}}