{"id":195000,"date":"2022-02-14T15:42:35","date_gmt":"2022-02-14T18:42:35","guid":{"rendered":"https:\/\/diarioregionaldigital.com.br\/?p=195000"},"modified":"2022-02-14T15:42:35","modified_gmt":"2022-02-14T18:42:35","slug":"ubs-valadares-imuniza-65-criancas-no-dia-d-de-vacinacao-contra-a-covid-19","status":"publish","type":"post","link":"https:\/\/diarioregionaldigital.com.br\/?p=195000","title":{"rendered":"UBS Valadares imuniza 65 crian\u00e7as no Dia D de vacina\u00e7\u00e3o contra a covid- 19"},"content":{"rendered":"<p>Segundo informa\u00e7\u00f5es do site da Prefeitura de Juiz de Fora, estimando cumprir uma das partes da miss\u00e3o do Sistema \u00danico de Sa\u00fade (SUS), a da integralidade, a Secretaria de Sa\u00fade (SS) da Prefeitura de Juiz de Fora (PJF) realizou neste s\u00e1bado, 12, o Dia D de vacina\u00e7\u00e3o infantil contra a Covid-19, na UBS de Valadares, Zona Rural da cidade. Ao todo foram vacinadas 65 crian\u00e7as. Na\u00a0 pr\u00e1tica, a fun\u00e7\u00e3o da integralidade visa promover a sa\u00fade e bem estar de todos e todas, estando presente nos diversos territ\u00f3rios e proporcionando que as pessoas tenham que se deslocar o m\u00ednimo para ter acesso \u00e0 vacina.<\/p>\n<p>A avalia\u00e7\u00e3o feita pela Supervisora das UBS Valadares e Toledo, Vanessa F\u00e1tima Rezende de Paula, \u00e9 que a ci\u00eancia sai vitoriosa e o saldo positivo. &#8220;N\u00f3s estamos enfrentando, al\u00e9m da pandemia, o negacionismo, uma enxurrada de fake news, que s\u00e3o fatores e que afetam o processo de vacina\u00e7\u00e3o infantil. Apesar disso e das chuvas que ca\u00edram neste s\u00e1bado, o nosso saldo \u00e9 muito positivo. O total de 65 crian\u00e7as vacinadas pode parecer pouco, mas para n\u00f3s \u00e9 um n\u00famero a ser comemorado e nos alegra saber que mais pessoas est\u00e3o se imunizando contra a covid\u201d. A campanha totaliza 26.572 crian\u00e7as imunizadas at\u00e9 s\u00e1bado, 12.<\/p>\n<p><strong>Vacina\u00e7\u00e3o covid prossegue durante a semana<\/strong><\/p>\n<p>A aplica\u00e7\u00e3o dos imunizantes contra a covid-19 prossegue na Zona Rural, sendo realizada toda segunda-feira pela manh\u00e3 na UBS Toledo e a tarde na UBS Valadares. J\u00e1 a vacina\u00e7\u00e3o de rotina prossegue diariamente nas duas unidades.<\/p>\n<p>A vacina\u00e7\u00e3o acontece em mais de 30 pontos da cidades, sendo no per\u00edodo de 8h \u00e0s 10h30 exclusivamente infantil, em 36 UBSs, e de 13h \u00e0s 16h exclusivamente para adultos, em 38 unidades. No Sport Club, que passa a ter novo hor\u00e1rio, das 10h \u00e0s 19h, a vacina\u00e7\u00e3o \u00e9 realizada em crian\u00e7as e adultos ao mesmo tempo. Outras tr\u00eas unidades vacinam ambos os p\u00fablicos de 17h \u00e0s 19h, a UBS Benfica, Milho Branco e\u00a0 Nossa Senhora das Gra\u00e7as.<\/p>\n","protected":false},"excerpt":{"rendered":"<p>Segundo informa\u00e7\u00f5es do site da Prefeitura de Juiz de Fora, estimando cumprir uma das partes da miss\u00e3o do Sistema \u00danico de Sa\u00fade (SUS), a da integralidade, a Secretaria de Sa\u00fade (SS) da Prefeitura de Juiz de Fora (PJF) realizou neste s\u00e1bado, 12, o Dia D de vacina\u00e7\u00e3o infantil contra a Covid-19, na UBS de Valadares, [&hellip;]<\/p>\n","protected":false},"author":246,"featured_media":195001,"comment_status":"closed","ping_status":"closed","sticky":false,"template":"","format":"standard","meta":{"footnotes":""},"categories":[253,436,440,439],"tags":[],"class_list":["post-195000","post","type-post","status-publish","format-standard","has-post-thumbnail","hentry","category-cidade","category-destaque-da-semana","category-destaques-do-dia","category-ultima-hora"],"_links":{"self":[{"href":"https:\/\/diarioregionaldigital.com.br\/index.php?rest_route=\/wp\/v2\/posts\/195000","targetHints":{"allow":["GET"]}}],"collection":[{"href":"https:\/\/diarioregionaldigital.com.br\/index.php?rest_route=\/wp\/v2\/posts"}],"about":[{"href":"https:\/\/diarioregionaldigital.com.br\/index.php?rest_route=\/wp\/v2\/types\/post"}],"author":[{"embeddable":true,"href":"https:\/\/diarioregionaldigital.com.br\/index.php?rest_route=\/wp\/v2\/users\/246"}],"replies":[{"embeddable":true,"href":"https:\/\/diarioregionaldigital.com.br\/index.php?rest_route=%2Fwp%2Fv2%2Fcomments&post=195000"}],"version-history":[{"count":1,"href":"https:\/\/diarioregionaldigital.com.br\/index.php?rest_route=\/wp\/v2\/posts\/195000\/revisions"}],"predecessor-version":[{"id":195002,"href":"https:\/\/diarioregionaldigital.com.br\/index.php?rest_route=\/wp\/v2\/posts\/195000\/revisions\/195002"}],"wp:featuredmedia":[{"embeddable":true,"href":"https:\/\/diarioregionaldigital.com.br\/index.php?rest_route=\/wp\/v2\/media\/195001"}],"wp:attachment":[{"href":"https:\/\/diarioregionaldigital.com.br\/index.php?rest_route=%2Fwp%2Fv2%2Fmedia&parent=195000"}],"wp:term":[{"taxonomy":"category","embeddable":true,"href":"https:\/\/diarioregionaldigital.com.br\/index.php?rest_route=%2Fwp%2Fv2%2Fcategories&post=195000"},{"taxonomy":"post_tag","embeddable":true,"href":"https:\/\/diarioregionaldigital.com.br\/index.php?rest_route=%2Fwp%2Fv2%2Ftags&post=195000"}],"curies":[{"name":"wp","href":"https:\/\/api.w.org\/{rel}","templated":true}]}}