{"id":194997,"date":"2022-02-14T15:24:16","date_gmt":"2022-02-14T18:24:16","guid":{"rendered":"https:\/\/diarioregionaldigital.com.br\/?p=194997"},"modified":"2022-02-14T15:24:16","modified_gmt":"2022-02-14T18:24:16","slug":"botafogo-demite-enderson-moreira-apos-derrota-para-flu-no-carioca","status":"publish","type":"post","link":"https:\/\/diarioregionaldigital.com.br\/?p=194997","title":{"rendered":"Botafogo demite Enderson Moreira ap\u00f3s derrota para Flu no Carioca"},"content":{"rendered":"<p>Apesar do t\u00edtulo da S\u00e9rie B e da volta \u00e0 elite do futebol brasileiro, Enderson Moreira n\u00e3o \u00e9 mais o treinador do Botafogo. O clube anunciou a sa\u00edda do t\u00e9cnico na tarde desta sexta-feira (11).\u00a0O treinador assumiu o Alvinegro carioca em julho do ano passado, deixando o clube com um rendimento de 73%. Em 31 jogos, foram sete empates, vinte vit\u00f3rias e apenas quatro derrotas.\u00a0A \u00faltima delas, nesta\u00a0<span id=\"OBJ_PREFIX_DWT193_com_zimbra_date\" role=\"link\"><span id=\"OBJ_PREFIX_DWT200_com_zimbra_date\" role=\"link\">quinta<\/span><\/span>-feira (10), por 2 a 1 para o Fluminense pela\u00a0<span id=\"OBJ_PREFIX_DWT194_com_zimbra_date\" role=\"link\"><span id=\"OBJ_PREFIX_DWT201_com_zimbra_date\" role=\"link\">quinta<\/span><\/span>\u00a0rodada do Campeonato Carioca, no qual o clube ocupa a\u00a0terceira posi\u00e7\u00e3o com dez pontos conquistados.\u00a0<img decoding=\"async\" src=\"https:\/\/agenciabrasil.ebc.com.br\/ebc.png?id=1441837&amp;o=node\" \/><img decoding=\"async\" src=\"https:\/\/agenciabrasil.ebc.com.br\/ebc.gif?id=1441837&amp;o=node\" \/><\/p>\n<p>A diretoria botafoguense ainda n\u00e3o anunciou o substituto de\u00a0Moreira, mas sonda dois t\u00e9cnicos\u00a0portugueses: Luis Castro e Antonio Oliveira.<\/p>\n<p>Em nota, o Botafogo explicou que &#8220;em momento de transi\u00e7\u00e3o para um novo modelo de gest\u00e3o, mudan\u00e7as s\u00e3o naturais e necess\u00e1rias ao novo projeto\u201d. Al\u00e9m de Enderson Moreira, deixam o clube os auxiliares Luis Fernando Flores e Ailton Serafim, al\u00e9m do Preparador F\u00edsico Edy Carlos Soares.<\/p>\n<p>O Botafogo volta a campo neste\u00a0<span id=\"OBJ_PREFIX_DWT195_com_zimbra_date\" role=\"link\"><span id=\"OBJ_PREFIX_DWT202_com_zimbra_date\" role=\"link\">domingo (13)<\/span><\/span>\u00a0para enfrentar o Vasco, no Est\u00e1dio Caste\u00e7\u00e3o, em\u00a0S\u00e3o Luis (Maranh\u00e3o).<\/p>\n<p>Fonte: Ag\u00eancia Brasil<\/p>\n","protected":false},"excerpt":{"rendered":"<p>Apesar do t\u00edtulo da S\u00e9rie B e da volta \u00e0 elite do futebol brasileiro, Enderson Moreira n\u00e3o \u00e9 mais o treinador do Botafogo. O clube anunciou a sa\u00edda do t\u00e9cnico na tarde desta sexta-feira (11).\u00a0O treinador assumiu o Alvinegro carioca em julho do ano passado, deixando o clube com um rendimento de 73%. Em 31 [&hellip;]<\/p>\n","protected":false},"author":246,"featured_media":194998,"comment_status":"closed","ping_status":"closed","sticky":false,"template":"","format":"standard","meta":{"footnotes":""},"categories":[436,257,439],"tags":[],"class_list":["post-194997","post","type-post","status-publish","format-standard","has-post-thumbnail","hentry","category-destaque-da-semana","category-esporte","category-ultima-hora"],"_links":{"self":[{"href":"https:\/\/diarioregionaldigital.com.br\/index.php?rest_route=\/wp\/v2\/posts\/194997","targetHints":{"allow":["GET"]}}],"collection":[{"href":"https:\/\/diarioregionaldigital.com.br\/index.php?rest_route=\/wp\/v2\/posts"}],"about":[{"href":"https:\/\/diarioregionaldigital.com.br\/index.php?rest_route=\/wp\/v2\/types\/post"}],"author":[{"embeddable":true,"href":"https:\/\/diarioregionaldigital.com.br\/index.php?rest_route=\/wp\/v2\/users\/246"}],"replies":[{"embeddable":true,"href":"https:\/\/diarioregionaldigital.com.br\/index.php?rest_route=%2Fwp%2Fv2%2Fcomments&post=194997"}],"version-history":[{"count":1,"href":"https:\/\/diarioregionaldigital.com.br\/index.php?rest_route=\/wp\/v2\/posts\/194997\/revisions"}],"predecessor-version":[{"id":194999,"href":"https:\/\/diarioregionaldigital.com.br\/index.php?rest_route=\/wp\/v2\/posts\/194997\/revisions\/194999"}],"wp:featuredmedia":[{"embeddable":true,"href":"https:\/\/diarioregionaldigital.com.br\/index.php?rest_route=\/wp\/v2\/media\/194998"}],"wp:attachment":[{"href":"https:\/\/diarioregionaldigital.com.br\/index.php?rest_route=%2Fwp%2Fv2%2Fmedia&parent=194997"}],"wp:term":[{"taxonomy":"category","embeddable":true,"href":"https:\/\/diarioregionaldigital.com.br\/index.php?rest_route=%2Fwp%2Fv2%2Fcategories&post=194997"},{"taxonomy":"post_tag","embeddable":true,"href":"https:\/\/diarioregionaldigital.com.br\/index.php?rest_route=%2Fwp%2Fv2%2Ftags&post=194997"}],"curies":[{"name":"wp","href":"https:\/\/api.w.org\/{rel}","templated":true}]}}