{"id":194994,"date":"2022-02-14T15:22:33","date_gmt":"2022-02-14T18:22:33","guid":{"rendered":"https:\/\/diarioregionaldigital.com.br\/?p=194994"},"modified":"2022-02-14T15:22:33","modified_gmt":"2022-02-14T18:22:33","slug":"governo-do-rj-divulga-edital-com-600-vagas-do-programa-bolsa-atleta","status":"publish","type":"post","link":"https:\/\/diarioregionaldigital.com.br\/?p=194994","title":{"rendered":"Governo do RJ divulga edital com 600 vagas do Programa Bolsa Atleta"},"content":{"rendered":"<p>O Governo do Rio de Janeiro divulgou hoje (12) o edital com as regras para a sele\u00e7\u00e3o de 600 atletas e paratletas do estado no Programa Bolsa Atleta, que prev\u00ea pagamentos de R$ 500 a R$ 5 mil para auxiliar a manuten\u00e7\u00e3o da carreira dos atletas de alto rendimento e a forma\u00e7\u00e3o de novos talentos.<img decoding=\"async\" src=\"https:\/\/agenciabrasil.ebc.com.br\/ebc.png?id=1441939&amp;o=node\" \/><img decoding=\"async\" src=\"https:\/\/agenciabrasil.ebc.com.br\/ebc.gif?id=1441939&amp;o=node\" \/><\/p>\n<p>O edital com as regras para concorrer est\u00e1 dispon\u00edvel na\u00a0<a href=\"http:\/\/www.rj.gov.br\/secretaria\/NoticiaDetalhe.aspx?id_noticia=19987&amp;pl=programa-bolsa-atleta:-confira-o-edital-de-convoca%C3%A7%C3%A3o--\" target=\"_blank\" rel=\"noopener\">p\u00e1gina da Secretaria de Estado de Esporte e Lazer na internet<\/a>. Ao longo de 2022, o Bolsa Atleta do governo do Rio deve receber um total de R$ 6,3 milh\u00f5es em investimentos.<\/p>\n<p>O programa contempla cinco categorias para atletas e paratletas de acordo com as competi\u00e7\u00f5es em que j\u00e1 tenham participado: Ol\u00edmpica &amp; Paral\u00edmpica, Internacional A, Internacional B, Nacional A e Nacional B. Dentro de cada uma delas h\u00e1 ainda diferentes categorias de acordo com o resultado obtido pelo atleta na competi\u00e7\u00e3o, al\u00e9m de divis\u00f5es de acordo com a faixa et\u00e1ria.<\/p>\n<p>Segundo a Secretaria de Estado de Esporte e Lazer, 85% das bolsas ser\u00e3o destinadas para atletas e paratletas da base, o que corresponde a 58% dos recursos destinados.<\/p>\n<p>Atletas que j\u00e1 tenham algum benef\u00edcio p\u00fablico ou privado poder\u00e3o concorrer, mas, caso sejam selecionados, ter\u00e3o direito a apenas 80% do valor da bolsa prevista para sua categoria.<\/p>\n<p>Fonte: Ag\u00eancia Brasil<\/p>\n","protected":false},"excerpt":{"rendered":"<p>O Governo do Rio de Janeiro divulgou hoje (12) o edital com as regras para a sele\u00e7\u00e3o de 600 atletas e paratletas do estado no Programa Bolsa Atleta, que prev\u00ea pagamentos de R$ 500 a R$ 5 mil para auxiliar a manuten\u00e7\u00e3o da carreira dos atletas de alto rendimento e a forma\u00e7\u00e3o de novos talentos. [&hellip;]<\/p>\n","protected":false},"author":246,"featured_media":194995,"comment_status":"closed","ping_status":"closed","sticky":false,"template":"","format":"standard","meta":{"footnotes":""},"categories":[436,257,439],"tags":[],"class_list":["post-194994","post","type-post","status-publish","format-standard","has-post-thumbnail","hentry","category-destaque-da-semana","category-esporte","category-ultima-hora"],"_links":{"self":[{"href":"https:\/\/diarioregionaldigital.com.br\/index.php?rest_route=\/wp\/v2\/posts\/194994","targetHints":{"allow":["GET"]}}],"collection":[{"href":"https:\/\/diarioregionaldigital.com.br\/index.php?rest_route=\/wp\/v2\/posts"}],"about":[{"href":"https:\/\/diarioregionaldigital.com.br\/index.php?rest_route=\/wp\/v2\/types\/post"}],"author":[{"embeddable":true,"href":"https:\/\/diarioregionaldigital.com.br\/index.php?rest_route=\/wp\/v2\/users\/246"}],"replies":[{"embeddable":true,"href":"https:\/\/diarioregionaldigital.com.br\/index.php?rest_route=%2Fwp%2Fv2%2Fcomments&post=194994"}],"version-history":[{"count":1,"href":"https:\/\/diarioregionaldigital.com.br\/index.php?rest_route=\/wp\/v2\/posts\/194994\/revisions"}],"predecessor-version":[{"id":194996,"href":"https:\/\/diarioregionaldigital.com.br\/index.php?rest_route=\/wp\/v2\/posts\/194994\/revisions\/194996"}],"wp:featuredmedia":[{"embeddable":true,"href":"https:\/\/diarioregionaldigital.com.br\/index.php?rest_route=\/wp\/v2\/media\/194995"}],"wp:attachment":[{"href":"https:\/\/diarioregionaldigital.com.br\/index.php?rest_route=%2Fwp%2Fv2%2Fmedia&parent=194994"}],"wp:term":[{"taxonomy":"category","embeddable":true,"href":"https:\/\/diarioregionaldigital.com.br\/index.php?rest_route=%2Fwp%2Fv2%2Fcategories&post=194994"},{"taxonomy":"post_tag","embeddable":true,"href":"https:\/\/diarioregionaldigital.com.br\/index.php?rest_route=%2Fwp%2Fv2%2Ftags&post=194994"}],"curies":[{"name":"wp","href":"https:\/\/api.w.org\/{rel}","templated":true}]}}