{"id":194991,"date":"2022-02-14T15:21:07","date_gmt":"2022-02-14T18:21:07","guid":{"rendered":"https:\/\/diarioregionaldigital.com.br\/?p=194991"},"modified":"2022-02-14T15:21:07","modified_gmt":"2022-02-14T18:21:07","slug":"pequim-nicole-e-a-melhor-brasileira-dos-jogos-de-inverno-no-gelo","status":"publish","type":"post","link":"https:\/\/diarioregionaldigital.com.br\/?p=194991","title":{"rendered":"Pequim: Nicole \u00e9 a melhor brasileira dos jogos de inverno no gelo"},"content":{"rendered":"<p>A ga\u00facha Nicole Silveira ficou, neste s\u00e1bado (12), na 13\u00ba posi\u00e7\u00e3o no Skeleton nos jogos ol\u00edmpicos de inverno de Pequim (China) e atingiu tr\u00eas feitos relevantes: o segundo melhor resultado brasileiro na hist\u00f3ria dos Jogos, ficando atr\u00e1s apenas da snowboarder Isabel Clark, nona colocada nos Jogos de Turim 2006 (It\u00e1lia). Al\u00e9m disso, obteve o melhor resultado do esporte na Am\u00e9rica Latina e conquistou o melhor resultado do Brasil nos esportes de gelo, j\u00e1 que Isabel competiu na neve.<img decoding=\"async\" src=\"https:\/\/agenciabrasil.ebc.com.br\/ebc.png?id=1441934&amp;o=node\" \/><img decoding=\"async\" src=\"https:\/\/agenciabrasil.ebc.com.br\/ebc.gif?id=1441934&amp;o=node\" \/><\/p>\n<p>Natural de Rio Grande (RS), com 27 anos, Nicole Silveira fez a primeira descida em 1min02s58. J\u00e1 a segunda ela terminou com o tempo de 1min02s95. Por fim, 1Min02s55 e 1min02s40 foram as terceira e quarta descidas, respectivamente. Ela somou ao todo 4min10s48 no Centro de Esportes de Pista de Yanqing.<\/p>\n<p>Ap\u00f3s a disputa, Nicole, que foi a respons\u00e1vel por promover a estreia do pa\u00eds na modalidade nos Jogos de inverno, vibrou com o resultado.<\/p>\n<p>\u201c\u00c9 muito especial. Eu e o meu treinador conversamos e se ele tivesse me dito que o objetivo era chegar nos Jogos Ol\u00edmpicos e terminar em 13\u00ba, na frente de grandes nomes, eu n\u00e3o teria acreditado. Vendo o que eu consegui aprender e fazer hoje aqui, me mostra que eu tenho potencial, mas que tenho muito a evoluir. Estou muito animada para as pr\u00f3ximas temporadas e j\u00e1 quero come\u00e7ar de novo\u201d, disse a atleta.<\/p>\n<p>O ouro no Skeleton foi conquistado pela alem\u00e3 Hannah Neise, com 4min07s69. J\u00e1 a australiana Jaclyn Narracott, somando 4min08s24, colocou a medalha de prata no peito. E o bronze ficou com a holandesa Kimberley Bos, 3min06s47.<\/p>\n<p>Fonte: Ag\u00eancia Brasil<\/p>\n","protected":false},"excerpt":{"rendered":"<p>A ga\u00facha Nicole Silveira ficou, neste s\u00e1bado (12), na 13\u00ba posi\u00e7\u00e3o no Skeleton nos jogos ol\u00edmpicos de inverno de Pequim (China) e atingiu tr\u00eas feitos relevantes: o segundo melhor resultado brasileiro na hist\u00f3ria dos Jogos, ficando atr\u00e1s apenas da snowboarder Isabel Clark, nona colocada nos Jogos de Turim 2006 (It\u00e1lia). Al\u00e9m disso, obteve o melhor [&hellip;]<\/p>\n","protected":false},"author":246,"featured_media":194992,"comment_status":"closed","ping_status":"closed","sticky":false,"template":"","format":"standard","meta":{"footnotes":""},"categories":[436,257,439],"tags":[],"class_list":["post-194991","post","type-post","status-publish","format-standard","has-post-thumbnail","hentry","category-destaque-da-semana","category-esporte","category-ultima-hora"],"_links":{"self":[{"href":"https:\/\/diarioregionaldigital.com.br\/index.php?rest_route=\/wp\/v2\/posts\/194991","targetHints":{"allow":["GET"]}}],"collection":[{"href":"https:\/\/diarioregionaldigital.com.br\/index.php?rest_route=\/wp\/v2\/posts"}],"about":[{"href":"https:\/\/diarioregionaldigital.com.br\/index.php?rest_route=\/wp\/v2\/types\/post"}],"author":[{"embeddable":true,"href":"https:\/\/diarioregionaldigital.com.br\/index.php?rest_route=\/wp\/v2\/users\/246"}],"replies":[{"embeddable":true,"href":"https:\/\/diarioregionaldigital.com.br\/index.php?rest_route=%2Fwp%2Fv2%2Fcomments&post=194991"}],"version-history":[{"count":1,"href":"https:\/\/diarioregionaldigital.com.br\/index.php?rest_route=\/wp\/v2\/posts\/194991\/revisions"}],"predecessor-version":[{"id":194993,"href":"https:\/\/diarioregionaldigital.com.br\/index.php?rest_route=\/wp\/v2\/posts\/194991\/revisions\/194993"}],"wp:featuredmedia":[{"embeddable":true,"href":"https:\/\/diarioregionaldigital.com.br\/index.php?rest_route=\/wp\/v2\/media\/194992"}],"wp:attachment":[{"href":"https:\/\/diarioregionaldigital.com.br\/index.php?rest_route=%2Fwp%2Fv2%2Fmedia&parent=194991"}],"wp:term":[{"taxonomy":"category","embeddable":true,"href":"https:\/\/diarioregionaldigital.com.br\/index.php?rest_route=%2Fwp%2Fv2%2Fcategories&post=194991"},{"taxonomy":"post_tag","embeddable":true,"href":"https:\/\/diarioregionaldigital.com.br\/index.php?rest_route=%2Fwp%2Fv2%2Ftags&post=194991"}],"curies":[{"name":"wp","href":"https:\/\/api.w.org\/{rel}","templated":true}]}}