{"id":194988,"date":"2022-02-14T15:19:18","date_gmt":"2022-02-14T18:19:18","guid":{"rendered":"https:\/\/diarioregionaldigital.com.br\/?p=194988"},"modified":"2022-02-14T15:19:18","modified_gmt":"2022-02-14T18:19:18","slug":"pele-retorna-ao-hospital-para-seguir-tratamento-contra-tumor-no-colon","status":"publish","type":"post","link":"https:\/\/diarioregionaldigital.com.br\/?p=194988","title":{"rendered":"Pel\u00e9 retorna ao hospital para seguir tratamento contra tumor no c\u00f3lon"},"content":{"rendered":"<p>O tricampe\u00e3o mundial\u00a0Pel\u00e9 est\u00e1 de volta ao hospital Albert Einstein, em S\u00e3o Paulo, para seguir em\u00a0 tratamento contra um tumor de c\u00f3lon. O pr\u00f3prio Rei do Futebol falou da nova interna\u00e7\u00e3o na noite desse domingo (13), em publica\u00e7\u00e3o nas redes sociais. Pel\u00e9 agradeceu o carinho dos f\u00e3s e mencionou, em tom humorado, que estava assistiria\u00a0\u00e0 final da\u00a0\u00e0 final da liga de futebol americano nos Estados Unidos (NFL), apesar da aus\u00eancia de seu amigo Tom Brady &#8211; o\u00a0<em>quarterback<\/em>\u00a0anunciou sua aposentadoria recentemente.\u00a0<img decoding=\"async\" src=\"https:\/\/agenciabrasil.ebc.com.br\/ebc.png?id=1442034&amp;o=node\" \/><img decoding=\"async\" src=\"https:\/\/agenciabrasil.ebc.com.br\/ebc.gif?id=1442034&amp;o=node\" \/><\/p>\n<p>Em setembro do ano passado, o Atleta do S\u00e9culo, de 81 anos, passou por uma cirurgia para retirada de um tumor no c\u00f3lon, descoberto ap\u00f3s exames de rotina.\u00a0Em 8 de dezembro, o ex-jogador do Santos e da sele\u00e7\u00e3o brasileira,\u00a0retornou ao Albert Einstein para realizar as \u00faltimas sess\u00f5es de quimioterapia de 2021. Ap\u00f3s intervalo para as festas de fim de ano, Pel\u00e9 retomou as idas ao hospital em janeiro,\u00a0para seguir o tratamento.<\/p>\n<p><span style=\"font-weight: 400;\">Fonte: Ag\u00eancia Brasil <\/span><\/p>\n","protected":false},"excerpt":{"rendered":"<p>O tricampe\u00e3o mundial\u00a0Pel\u00e9 est\u00e1 de volta ao hospital Albert Einstein, em S\u00e3o Paulo, para seguir em\u00a0 tratamento contra um tumor de c\u00f3lon. O pr\u00f3prio Rei do Futebol falou da nova interna\u00e7\u00e3o na noite desse domingo (13), em publica\u00e7\u00e3o nas redes sociais. Pel\u00e9 agradeceu o carinho dos f\u00e3s e mencionou, em tom humorado, que estava assistiria\u00a0\u00e0 [&hellip;]<\/p>\n","protected":false},"author":246,"featured_media":194989,"comment_status":"closed","ping_status":"closed","sticky":false,"template":"","format":"standard","meta":{"footnotes":""},"categories":[436,440,257,439],"tags":[],"class_list":["post-194988","post","type-post","status-publish","format-standard","has-post-thumbnail","hentry","category-destaque-da-semana","category-destaques-do-dia","category-esporte","category-ultima-hora"],"_links":{"self":[{"href":"https:\/\/diarioregionaldigital.com.br\/index.php?rest_route=\/wp\/v2\/posts\/194988","targetHints":{"allow":["GET"]}}],"collection":[{"href":"https:\/\/diarioregionaldigital.com.br\/index.php?rest_route=\/wp\/v2\/posts"}],"about":[{"href":"https:\/\/diarioregionaldigital.com.br\/index.php?rest_route=\/wp\/v2\/types\/post"}],"author":[{"embeddable":true,"href":"https:\/\/diarioregionaldigital.com.br\/index.php?rest_route=\/wp\/v2\/users\/246"}],"replies":[{"embeddable":true,"href":"https:\/\/diarioregionaldigital.com.br\/index.php?rest_route=%2Fwp%2Fv2%2Fcomments&post=194988"}],"version-history":[{"count":1,"href":"https:\/\/diarioregionaldigital.com.br\/index.php?rest_route=\/wp\/v2\/posts\/194988\/revisions"}],"predecessor-version":[{"id":194990,"href":"https:\/\/diarioregionaldigital.com.br\/index.php?rest_route=\/wp\/v2\/posts\/194988\/revisions\/194990"}],"wp:featuredmedia":[{"embeddable":true,"href":"https:\/\/diarioregionaldigital.com.br\/index.php?rest_route=\/wp\/v2\/media\/194989"}],"wp:attachment":[{"href":"https:\/\/diarioregionaldigital.com.br\/index.php?rest_route=%2Fwp%2Fv2%2Fmedia&parent=194988"}],"wp:term":[{"taxonomy":"category","embeddable":true,"href":"https:\/\/diarioregionaldigital.com.br\/index.php?rest_route=%2Fwp%2Fv2%2Fcategories&post=194988"},{"taxonomy":"post_tag","embeddable":true,"href":"https:\/\/diarioregionaldigital.com.br\/index.php?rest_route=%2Fwp%2Fv2%2Ftags&post=194988"}],"curies":[{"name":"wp","href":"https:\/\/api.w.org\/{rel}","templated":true}]}}