{"id":194982,"date":"2022-02-14T15:12:56","date_gmt":"2022-02-14T18:12:56","guid":{"rendered":"https:\/\/diarioregionaldigital.com.br\/?p=194982"},"modified":"2022-02-14T15:12:56","modified_gmt":"2022-02-14T18:12:56","slug":"vacina-protege-criancas-contra-virus-respiratorio-vsr","status":"publish","type":"post","link":"https:\/\/diarioregionaldigital.com.br\/?p=194982","title":{"rendered":"Vacina protege crian\u00e7as contra v\u00edrus respirat\u00f3rio VSR"},"content":{"rendered":"<p>Infec\u00e7\u00e3o oportunista e sazonal que acomete crian\u00e7as \u00e9 o mote de campanha realizada em Montes Claros e regi\u00e3o, no Norte de Minas. O alvo \u00e9 o V\u00edrus Sincicial Respirat\u00f3rio (VSR), que provoca infec\u00e7\u00f5es respirat\u00f3rias agudas no primeiro ano de vida da crian\u00e7a que podem responder por at\u00e9 75% das bronquiolites e 40% das pneumonias durante os per\u00edodos de sazonalidade.<\/p>\n<p>Pensando na preven\u00e7\u00e3o e no cuidado, a<a href=\"https:\/\/www.saude.mg.gov.br\/\" target=\"_blank\" rel=\"noopener\">\u00a0Secretaria de Estado de Sa\u00fade (SES-MG)<\/a>\u00a0e a Secretaria Municipal de Sa\u00fade de Montes Claros (SMS), em parceria com o Centro Ambulatorial de Especialidades Tancredo Neves (Caetan), vinculado ao\u00a0<a href=\"https:\/\/unimontes.br\/unidades\/hospital-universitario\/\" target=\"_blank\" rel=\"noopener\">Hospital Universit\u00e1rio Clemente Faria (HUCF)<\/a>, iniciaram, na \u00faltima sexta-feira (11\/2), a imuniza\u00e7\u00e3o de rec\u00e9m-nascidos e crian\u00e7as de zero a 2 anos de idade.<\/p>\n<p>Foram vacinados os pequenos que atendem a crit\u00e9rios indicados pelos pediatras para receber a Palivizumabe, uma imunoglobulina \u2013 um tipo de anticorpo \u201cpronto\u201d que induz imuniza\u00e7\u00e3o passiva espec\u00edfica contra o V\u00edrus Sincicial Respirat\u00f3rio.<\/p>\n<p>Al\u00e9m de aumentar a prote\u00e7\u00e3o de crian\u00e7as contra a infec\u00e7\u00e3o pelo VSR, o medicamento tamb\u00e9m \u00e9 recomendado para lactentes que tenham indica\u00e7\u00e3o m\u00e9dica. Nos casos indicados pelo pediatra, o Palivizumabe poder\u00e1 ser administrado em at\u00e9 cinco doses, a cada 30 dias, no per\u00edodo de sazonalidade (maior circula\u00e7\u00e3o do VSR).<\/p>\n<p>\u201cA Palivizumabe \u00e9 uma imunoglobulina com anticorpos \u2018prontos\u2019 e deve ser aplicada em beb\u00eas prematuros com at\u00e9 28 semanas, beb\u00eas com at\u00e9 1 ano de idade, crian\u00e7as com comorbidades, cardiopatia cong\u00eanita com repercuss\u00e3o hemodin\u00e2mica, doen\u00e7a pulmonar cr\u00f4nica e beb\u00eas com displasia broncopulmonar\u201d, destaca a m\u00e9dica cardiopediatra respons\u00e1vel pela campanha Caetan\/HUCF, Patr\u00edcia Lopes.<\/p>\n<p>A m\u00e9dica tamb\u00e9m ressalta que \u00e9 essencial que os pais n\u00e3o deixem de levar os filhos para a imuniza\u00e7\u00e3o com a Palivizumabe. \u201cO primeiro passo \u00e9 o pediatra apontar a necessidade para o beb\u00ea. Em seguida, ir at\u00e9 a Secretaria de Sa\u00fade. L\u00e1 eles encaminhar\u00e3o para o Caetan\u201d, detalha Patr\u00edcia Lopes.<\/p>\n<p><b>Mobiliza\u00e7\u00e3o<\/b><\/p>\n<p>Enfermeira respons\u00e1vel pela campanha, Sandra Regina de Oliveira explica que a mobiliza\u00e7\u00e3o ser\u00e1 realizada \u00e0s sextas-feiras, no s\u00e9timo andar do Caetan. \u201c\u00c9 importante que pais ou respons\u00e1veis se atentem ao dia e \u00e0 hora e n\u00e3o deixem de trazer as crian\u00e7as, sempre de 7h \u00e0s 9h&#8221;, frisa.<\/p>\n<p>Outro fator de destaque \u00e9 a quantidade de doses para cada crian\u00e7a, que vai depender da avalia\u00e7\u00e3o do pediatra. A prescri\u00e7\u00e3o pode ser de uma a cinco doses, em intervalos mensais.<\/p>\n<p>Em 2021, a campanha atendeu aproximadamente 60 crian\u00e7as. Para este ano, apesar de n\u00e3o termos uma meta pr\u00e9-estabelecida, esperamos dar assist\u00eancia para, pelo menos, a mesma quantidade do ano passado\u201d, finalizou a enfermeira.<\/p>\n<p><b>Dados preocupantes<\/b><\/p>\n<p>A Organiza\u00e7\u00e3o Pan-americana da Sa\u00fade (Opas) e a Organiza\u00e7\u00e3o Mundial de Sa\u00fade (OMS) apontam que as infec\u00e7\u00f5es respirat\u00f3rias agudas s\u00e3o respons\u00e1veis por cerca de 40% a 60% de todos os atendimentos ambulatoriais em pediatria na Am\u00e9rica Latina.<\/p>\n<p>A Comiss\u00e3o Nacional de Incorpora\u00e7\u00e3o de Tecnologias (Conitec) no Sistema \u00danico de Sa\u00fade (SUS) do Minist\u00e9rio da Sa\u00fade (MS) afirma que entre 40% a 60% das crian\u00e7as s\u00e3o infectadas pelo v\u00edrus no primeiro ano de vida.<\/p>\n<p>Mais de 95% j\u00e1 foram infectadas aos dois anos de idade. Ainda de acordo com a Conitec, entre a maioria das crian\u00e7as a infec\u00e7\u00e3o evolui como um resfriado comum, no entanto, aproximadamente 25% podem apresentar, em seu primeiro epis\u00f3dio, um quadro de bronquiolite ou pneumonia, inclusive necessitando de interna\u00e7\u00e3o hospitalar por dificuldade respirat\u00f3ria aguda em cerca de 0,5 a 2% dos casos.<\/p>\n<p>Fonte: Ag\u00eancia Minas<\/p>\n","protected":false},"excerpt":{"rendered":"<p>Infec\u00e7\u00e3o oportunista e sazonal que acomete crian\u00e7as \u00e9 o mote de campanha realizada em Montes Claros e regi\u00e3o, no Norte de Minas. O alvo \u00e9 o V\u00edrus Sincicial Respirat\u00f3rio (VSR), que provoca infec\u00e7\u00f5es respirat\u00f3rias agudas no primeiro ano de vida da crian\u00e7a que podem responder por at\u00e9 75% das bronquiolites e 40% das pneumonias durante [&hellip;]<\/p>\n","protected":false},"author":246,"featured_media":194983,"comment_status":"closed","ping_status":"closed","sticky":false,"template":"","format":"standard","meta":{"footnotes":""},"categories":[436,254,439],"tags":[],"class_list":["post-194982","post","type-post","status-publish","format-standard","has-post-thumbnail","hentry","category-destaque-da-semana","category-politica","category-ultima-hora"],"_links":{"self":[{"href":"https:\/\/diarioregionaldigital.com.br\/index.php?rest_route=\/wp\/v2\/posts\/194982","targetHints":{"allow":["GET"]}}],"collection":[{"href":"https:\/\/diarioregionaldigital.com.br\/index.php?rest_route=\/wp\/v2\/posts"}],"about":[{"href":"https:\/\/diarioregionaldigital.com.br\/index.php?rest_route=\/wp\/v2\/types\/post"}],"author":[{"embeddable":true,"href":"https:\/\/diarioregionaldigital.com.br\/index.php?rest_route=\/wp\/v2\/users\/246"}],"replies":[{"embeddable":true,"href":"https:\/\/diarioregionaldigital.com.br\/index.php?rest_route=%2Fwp%2Fv2%2Fcomments&post=194982"}],"version-history":[{"count":1,"href":"https:\/\/diarioregionaldigital.com.br\/index.php?rest_route=\/wp\/v2\/posts\/194982\/revisions"}],"predecessor-version":[{"id":194984,"href":"https:\/\/diarioregionaldigital.com.br\/index.php?rest_route=\/wp\/v2\/posts\/194982\/revisions\/194984"}],"wp:featuredmedia":[{"embeddable":true,"href":"https:\/\/diarioregionaldigital.com.br\/index.php?rest_route=\/wp\/v2\/media\/194983"}],"wp:attachment":[{"href":"https:\/\/diarioregionaldigital.com.br\/index.php?rest_route=%2Fwp%2Fv2%2Fmedia&parent=194982"}],"wp:term":[{"taxonomy":"category","embeddable":true,"href":"https:\/\/diarioregionaldigital.com.br\/index.php?rest_route=%2Fwp%2Fv2%2Fcategories&post=194982"},{"taxonomy":"post_tag","embeddable":true,"href":"https:\/\/diarioregionaldigital.com.br\/index.php?rest_route=%2Fwp%2Fv2%2Ftags&post=194982"}],"curies":[{"name":"wp","href":"https:\/\/api.w.org\/{rel}","templated":true}]}}