{"id":194979,"date":"2022-02-14T15:11:47","date_gmt":"2022-02-14T18:11:47","guid":{"rendered":"https:\/\/diarioregionaldigital.com.br\/?p=194979"},"modified":"2022-02-14T15:11:47","modified_gmt":"2022-02-14T18:11:47","slug":"minas-gerais-inicia-2022-com-novo-recorde-nas-exportacoes-do-agronegocio","status":"publish","type":"post","link":"https:\/\/diarioregionaldigital.com.br\/?p=194979","title":{"rendered":"Minas Gerais inicia 2022 com novo recorde nas exporta\u00e7\u00f5es do agroneg\u00f3cio"},"content":{"rendered":"<p>As exporta\u00e7\u00f5es mineiras do agroneg\u00f3cio somaram US$ 870 milh\u00f5es em janeiro, crescimento de 49,9% em rela\u00e7\u00e3o ao mesmo per\u00edodo de 2021. O valor \u00e9 recorde de performance do m\u00eas na s\u00e9rie hist\u00f3rica, iniciada em 1997. Em rela\u00e7\u00e3o ao volume, foram embarcadas 602 mil toneladas, aumento de 12,2%, em rela\u00e7\u00e3o a janeiro do ano passado. Minas Gerais respondeu por 10% das exporta\u00e7\u00f5es nacionais de produtos agropecu\u00e1rios.<\/p>\n<p>Na avalia\u00e7\u00e3o da secret\u00e1ria de\u00a0<a href=\"http:\/\/www.agricultura.mg.gov.br\/\" target=\"_blank\" rel=\"noopener noreferrer\" data-auth=\"NotApplicable\" data-linkindex=\"0\">Agricultura, Pecu\u00e1ria e Abastecimento<\/a>, Ana Valentini, a manuten\u00e7\u00e3o da demanda aquecida est\u00e1 contribuindo para o cen\u00e1rio positivo das exporta\u00e7\u00f5es do estado. \u201cO pre\u00e7o m\u00e9dio da tonelada dos nossos principais produtos apresentou alta de 33%. Mantido esse cen\u00e1rio, as exporta\u00e7\u00f5es continuar\u00e3o favorecidas e poderemos estimar bons resultados para o agroneg\u00f3cio de Minas ao longo do ano\u201d, afirma.<\/p>\n<p>Em janeiro, os produtos do agro foram enviados para 121 pa\u00edses. Os principais destinos foram Estados Unidos (US$ 137 milh\u00f5es), Alemanha (US$ 134 milh\u00f5es), China (US$ 119 milh\u00f5es), B\u00e9lgica (US$ 60 milh\u00f5es) e It\u00e1lia (US$ 43 milh\u00f5es).<\/p>\n<p><strong>Caf\u00e9\u00a0<\/strong><\/p>\n<p>Principal produto da pauta de exporta\u00e7\u00f5es do agro mineiro, o caf\u00e9 representou 61% do valor total comercializado, em janeiro. O volume exportado foi de 2,4 milh\u00f5es de sacas, que totalizaram US$ 532 milh\u00f5es. O caf\u00e9 mineiro foi enviado para 67 pa\u00edses, tendo a Alemanha como a principal porta de entrada no exterior.<\/p>\n<p><strong>Carnes\u00a0<\/strong><\/p>\n<p>As carnes mantiveram boa performance com o registro de US$ 103 milh\u00f5es e 28 mil toneladas comercializadas. Todas as prote\u00ednas (bovina, frango e su\u00edno) apresentaram crescimento em valor (+44,6%) e volume (+22,7%), na compara\u00e7\u00e3o com o mesmo per\u00edodo do ano passado.<\/p>\n<p>O setor bovino liderou as exporta\u00e7\u00f5es do segmento, impulsionado pela demanda da China, que aumentou as compras em 31% na compara\u00e7\u00e3o com o m\u00eas de janeiro de 2021.<\/p>\n<p><strong>Complexo soja\u00a0<\/strong><\/p>\n<p>As exporta\u00e7\u00f5es do complexo soja (gr\u00e3o, farelo e \u00f3leo) totalizaram US$ 80,4 milh\u00f5es e 133 mil toneladas embarcadas,\u00a0 com destaque para o desempenho dos gr\u00e3os, com US$ 57 milh\u00f5es e 110 mil toneladas. A demanda chinesa foi importante para o resultado e \u00e9 sustentada pela necessidade do pa\u00eds em\u00a0disponibilizar\u00a0alimentos para a popula\u00e7\u00e3o, al\u00e9m de investir na recupera\u00e7\u00e3o do seu rebanho su\u00edno, dizimado pela peste su\u00edna africana.<\/p>\n<p><strong>Produtos florestais\u00a0<\/strong><\/p>\n<p>A amplia\u00e7\u00e3o das vendas de celulose, madeira e papel levaram o segmento a ocupar o 4\u00ba lugar da pauta exportadora do agro mineiro, tradicionalmente ocupado pelo complexo sucroalcooleiro. A receita obtida foi de US$ 57 milh\u00f5es decorrentes das 124 mil toneladas embarcadas.<\/p>\n<p><strong>Complexo sucroalcooleiro\u00a0<\/strong><\/p>\n<p>O grupo composto por vendas de a\u00e7\u00facar de cana, \u00e1lcool e demais a\u00e7\u00facares obteve US$ 55 milh\u00f5es e 150 mil toneladas. O arrefecimento nas vendas de a\u00e7\u00facar est\u00e1 atrelado ao volume reduzido e diminui\u00e7\u00e3o do pre\u00e7o m\u00e9dio da commodity no mercado internacional.<\/p>\n<p>&nbsp;<\/p>\n<p><strong>Principais produtos exportados (janeiro 2022)\u00a0<\/strong><\/p>\n<p>Caf\u00e9 \u2013 Valor: US$ 532 milh\u00f5es \/ Volume: 2,4 milh\u00f5es de sacas<\/p>\n<p>Carnes \u2013 Valor: US$ 103 milh\u00f5es \/ Volume: 28 mil toneladas<\/p>\n<p>Complexo soja \u2013 Valor: US$ 80,4 milh\u00f5es \/ Volume: 133 mil toneladas<\/p>\n<p>Produtos florestais \u2013 Valor: US$ 57 milh\u00f5es\/ Volume: 124 mil toneladas<\/p>\n<p>Complexo sucroalcooleiro \u2013 Valor: US$ 55 milh\u00f5es \/ Volume: 150 mil toneladas<\/p>\n<p>Fonte: Ag\u00eancia Minas<\/p>\n","protected":false},"excerpt":{"rendered":"<p>As exporta\u00e7\u00f5es mineiras do agroneg\u00f3cio somaram US$ 870 milh\u00f5es em janeiro, crescimento de 49,9% em rela\u00e7\u00e3o ao mesmo per\u00edodo de 2021. O valor \u00e9 recorde de performance do m\u00eas na s\u00e9rie hist\u00f3rica, iniciada em 1997. Em rela\u00e7\u00e3o ao volume, foram embarcadas 602 mil toneladas, aumento de 12,2%, em rela\u00e7\u00e3o a janeiro do ano passado. Minas [&hellip;]<\/p>\n","protected":false},"author":246,"featured_media":194980,"comment_status":"closed","ping_status":"closed","sticky":false,"template":"","format":"standard","meta":{"footnotes":""},"categories":[436,254,439],"tags":[],"class_list":["post-194979","post","type-post","status-publish","format-standard","has-post-thumbnail","hentry","category-destaque-da-semana","category-politica","category-ultima-hora"],"_links":{"self":[{"href":"https:\/\/diarioregionaldigital.com.br\/index.php?rest_route=\/wp\/v2\/posts\/194979","targetHints":{"allow":["GET"]}}],"collection":[{"href":"https:\/\/diarioregionaldigital.com.br\/index.php?rest_route=\/wp\/v2\/posts"}],"about":[{"href":"https:\/\/diarioregionaldigital.com.br\/index.php?rest_route=\/wp\/v2\/types\/post"}],"author":[{"embeddable":true,"href":"https:\/\/diarioregionaldigital.com.br\/index.php?rest_route=\/wp\/v2\/users\/246"}],"replies":[{"embeddable":true,"href":"https:\/\/diarioregionaldigital.com.br\/index.php?rest_route=%2Fwp%2Fv2%2Fcomments&post=194979"}],"version-history":[{"count":1,"href":"https:\/\/diarioregionaldigital.com.br\/index.php?rest_route=\/wp\/v2\/posts\/194979\/revisions"}],"predecessor-version":[{"id":194981,"href":"https:\/\/diarioregionaldigital.com.br\/index.php?rest_route=\/wp\/v2\/posts\/194979\/revisions\/194981"}],"wp:featuredmedia":[{"embeddable":true,"href":"https:\/\/diarioregionaldigital.com.br\/index.php?rest_route=\/wp\/v2\/media\/194980"}],"wp:attachment":[{"href":"https:\/\/diarioregionaldigital.com.br\/index.php?rest_route=%2Fwp%2Fv2%2Fmedia&parent=194979"}],"wp:term":[{"taxonomy":"category","embeddable":true,"href":"https:\/\/diarioregionaldigital.com.br\/index.php?rest_route=%2Fwp%2Fv2%2Fcategories&post=194979"},{"taxonomy":"post_tag","embeddable":true,"href":"https:\/\/diarioregionaldigital.com.br\/index.php?rest_route=%2Fwp%2Fv2%2Ftags&post=194979"}],"curies":[{"name":"wp","href":"https:\/\/api.w.org\/{rel}","templated":true}]}}