{"id":194967,"date":"2022-02-14T15:02:22","date_gmt":"2022-02-14T18:02:22","guid":{"rendered":"https:\/\/diarioregionaldigital.com.br\/?p=194967"},"modified":"2022-02-14T15:02:22","modified_gmt":"2022-02-14T18:02:22","slug":"governo-cria-programa-para-desenvolver-atividade-garimpeira","status":"publish","type":"post","link":"https:\/\/diarioregionaldigital.com.br\/?p=194967","title":{"rendered":"Governo cria programa para desenvolver atividade garimpeira"},"content":{"rendered":"<p>O presidente Jair Bolsonaro editou hoje (14)<a href=\"http:\/\/in.gov.br\/en\/web\/dou\/-\/decreto-n-10.966-de-11-de-fevereiro-de-2022-379739340\" target=\"_blank\" rel=\"noopener\">\u00a0decreto<\/a>\u00a0que institui o Programa de Apoio ao Desenvolvimento da Minera\u00e7\u00e3o Artesanal e em Pequena Escala (Pr\u00f3-Mape). O objetivo \u00e9 dar \u201cnova perspectiva de pol\u00edticas p\u00fablicas sobre a atividade garimpeira no Brasil\u201d, disse a Secretaria-Geral da Presid\u00eancia da Rep\u00fablica, em nota.<img decoding=\"async\" src=\"https:\/\/agenciabrasil.ebc.com.br\/ebc.png?id=1442032&amp;o=node\" \/><img decoding=\"async\" src=\"https:\/\/agenciabrasil.ebc.com.br\/ebc.gif?id=1442032&amp;o=node\" \/><\/p>\n<p>O decreto tamb\u00e9m cria a Comiss\u00e3o Interministerial para o Desenvolvimento da Minera\u00e7\u00e3o Artesanal e em Pequena Escala (Comape). Al\u00e9m do Minist\u00e9rio de Minas e Energia, participam do colegiado a Casa Civil e os Minist\u00e9rios da Cidadania, Justi\u00e7a e Seguran\u00e7a P\u00fablica, Meio Ambiente e Sa\u00fade.<\/p>\n<p>Entre as metas do Pr\u00f3-Mape figuram \u201cestimular as melhores pr\u00e1ticas, a formaliza\u00e7\u00e3o da atividade e a promo\u00e7\u00e3o da sa\u00fade, da assist\u00eancia e da dignidade das pessoas envolvidas com a minera\u00e7\u00e3o artesanal e em pequena escala\u201d, diz o texto do decreto 10.966\/2022.<\/p>\n<p>Ele define a minera\u00e7\u00e3o artesanal e em pequena escala como aquela voltada \u00e0\u00a0 \u201cextra\u00e7\u00e3o de subst\u00e2ncias miner\u00e1veis garimp\u00e1veis\u201d. O Pr\u00f3-Mape dever\u00e1 ainda promover a sinergia dos atores envolvidos com a atividade garimpeira.<\/p>\n<h2>Coordena\u00e7\u00e3o<\/h2>\n<p>J\u00e1 o Comape ficar\u00e1 respons\u00e1vel por definir diretrizes para a atividade garimpeira e coordenar a\u00e7\u00f5es que fortale\u00e7am o Pr\u00f3-Mape. A comiss\u00e3o dever\u00e1 atuar sobretudo na regi\u00e3o da Amaz\u00f4nia Legal.<\/p>\n<p>As empresas p\u00fablicas e sociedades de economia mista poder\u00e3o ser acionadas a prestar apoio t\u00e9cnico ao Comape.<\/p>\n<p>&#8220;\u00c9 importante destacar que a minera\u00e7\u00e3o artesanal e em pequena escala \u00e9 fonte de riqueza e renda para uma popula\u00e7\u00e3o de centenas de milhares de pessoas, logo \u00e9 fundamental que as a\u00e7\u00f5es de governo reconhe\u00e7am as condi\u00e7\u00f5es em que vive o pequeno minerador, o alcance de sua atividade e as necessidades prim\u00e1rias da sociedade circundante\u201d, disse a Secretaria-Geral da Presid\u00eancia.<\/p>\n<p>Fonte: Ag\u00eancia Brasil<\/p>\n","protected":false},"excerpt":{"rendered":"<p>O presidente Jair Bolsonaro editou hoje (14)\u00a0decreto\u00a0que institui o Programa de Apoio ao Desenvolvimento da Minera\u00e7\u00e3o Artesanal e em Pequena Escala (Pr\u00f3-Mape). O objetivo \u00e9 dar \u201cnova perspectiva de pol\u00edticas p\u00fablicas sobre a atividade garimpeira no Brasil\u201d, disse a Secretaria-Geral da Presid\u00eancia da Rep\u00fablica, em nota. O decreto tamb\u00e9m cria a Comiss\u00e3o Interministerial para o [&hellip;]<\/p>\n","protected":false},"author":246,"featured_media":194968,"comment_status":"closed","ping_status":"closed","sticky":false,"template":"","format":"standard","meta":{"footnotes":""},"categories":[436,261,439],"tags":[],"class_list":["post-194967","post","type-post","status-publish","format-standard","has-post-thumbnail","hentry","category-destaque-da-semana","category-economia","category-ultima-hora"],"_links":{"self":[{"href":"https:\/\/diarioregionaldigital.com.br\/index.php?rest_route=\/wp\/v2\/posts\/194967","targetHints":{"allow":["GET"]}}],"collection":[{"href":"https:\/\/diarioregionaldigital.com.br\/index.php?rest_route=\/wp\/v2\/posts"}],"about":[{"href":"https:\/\/diarioregionaldigital.com.br\/index.php?rest_route=\/wp\/v2\/types\/post"}],"author":[{"embeddable":true,"href":"https:\/\/diarioregionaldigital.com.br\/index.php?rest_route=\/wp\/v2\/users\/246"}],"replies":[{"embeddable":true,"href":"https:\/\/diarioregionaldigital.com.br\/index.php?rest_route=%2Fwp%2Fv2%2Fcomments&post=194967"}],"version-history":[{"count":1,"href":"https:\/\/diarioregionaldigital.com.br\/index.php?rest_route=\/wp\/v2\/posts\/194967\/revisions"}],"predecessor-version":[{"id":194969,"href":"https:\/\/diarioregionaldigital.com.br\/index.php?rest_route=\/wp\/v2\/posts\/194967\/revisions\/194969"}],"wp:featuredmedia":[{"embeddable":true,"href":"https:\/\/diarioregionaldigital.com.br\/index.php?rest_route=\/wp\/v2\/media\/194968"}],"wp:attachment":[{"href":"https:\/\/diarioregionaldigital.com.br\/index.php?rest_route=%2Fwp%2Fv2%2Fmedia&parent=194967"}],"wp:term":[{"taxonomy":"category","embeddable":true,"href":"https:\/\/diarioregionaldigital.com.br\/index.php?rest_route=%2Fwp%2Fv2%2Fcategories&post=194967"},{"taxonomy":"post_tag","embeddable":true,"href":"https:\/\/diarioregionaldigital.com.br\/index.php?rest_route=%2Fwp%2Fv2%2Ftags&post=194967"}],"curies":[{"name":"wp","href":"https:\/\/api.w.org\/{rel}","templated":true}]}}