{"id":194964,"date":"2022-02-14T15:00:03","date_gmt":"2022-02-14T18:00:03","guid":{"rendered":"https:\/\/diarioregionaldigital.com.br\/?p=194964"},"modified":"2022-02-14T15:00:03","modified_gmt":"2022-02-14T18:00:03","slug":"decreto-altera-regras-e-obrigacoes-para-atividade-de-mineracao","status":"publish","type":"post","link":"https:\/\/diarioregionaldigital.com.br\/?p=194964","title":{"rendered":"Decreto altera regras e obriga\u00e7\u00f5es para atividade de minera\u00e7\u00e3o"},"content":{"rendered":"<p>O presidente Jair Bolsonaro editou hoje (14) decreto que altera norma anterior, de 2018, sobre as regulamenta\u00e7\u00f5es do C\u00f3digo de Minera\u00e7\u00e3o. O\u00a0<a href=\"http:\/\/www.planalto.gov.br\/ccivil_03\/_Ato2019-2022\/2022\/Decreto\/D10965.htm#art1\" target=\"_blank\" rel=\"noopener\">texto<\/a>\u00a0inclui nas regras do setor novas obriga\u00e7\u00f5es para os titulares de direitos miner\u00e1rios, com destaque para mudan\u00e7as na responsabiliza\u00e7\u00e3o ambiental do minerador e no fechamento da mina.<\/p>\n<p>As altera\u00e7\u00f5es s\u00e3o decorrentes da Pol\u00edtica Nacional de Seguran\u00e7a de Barragens, aprovada pelo Congresso Nacional em 2020, ap\u00f3s as trag\u00e9dias de Mariana (2015) e Brumadinho (2019), ambas em Minas Gerais.<\/p>\n<p>Pelo decreto desta segunda-feira, quem exerce a atividade de minera\u00e7\u00e3o fica explicitamente respons\u00e1vel pela preven\u00e7\u00e3o de desastres ambientais e elabora\u00e7\u00e3o de planos de conting\u00eancia para a hip\u00f3tese de que ocorram.<\/p>\n<p>O texto deixa expl\u00edcito ainda que o minerador fica respons\u00e1vel pelo bem-estar das comunidades envolvidas e o desenvolvimento sustent\u00e1vel do entorno da mina, bem como pela sa\u00fade e seguran\u00e7a dos trabalhadores.<img decoding=\"async\" src=\"https:\/\/agenciabrasil.ebc.com.br\/ebc.png?id=1442039&amp;o=node\" \/><img decoding=\"async\" src=\"https:\/\/agenciabrasil.ebc.com.br\/ebc.gif?id=1442039&amp;o=node\" \/><\/p>\n<p>A norma prev\u00ea que, caso ocorra algum desastre ambiental, isso acarretar\u00e1 \u201co fechamento da mina e o descomissionamento de todas as instala\u00e7\u00f5es, inclu\u00eddas as barragens de rejeitos\u201d.<\/p>\n<p>Foi alterado o pr\u00f3prio conceito de atividade de minera\u00e7\u00e3o, que passou a incluir tamb\u00e9m o transporte de min\u00e9rio e o armazenamento de est\u00e9reis e rejeitos.<\/p>\n<p>Outras altera\u00e7\u00f5es no Regulamento do C\u00f3digo de Minera\u00e7\u00e3o incluem a obriga\u00e7\u00e3o de que a Ag\u00eancia Nacional de Minera\u00e7\u00e3o (ANM) crie \u201ccrit\u00e9rios simplificados\u201d para an\u00e1lise de processos e outorgas, em especial para empreendimentos de pequeno porte e de aproveitamento de subst\u00e2ncias minerais.<\/p>\n<p>Outras mudan\u00e7as foram feitas para refor\u00e7ar a necessidade de cumprimento de prazo para o desembara\u00e7o de empreendimentos de minera\u00e7\u00e3o. Foi dado, por exemplo, prazo de 60 dias para que a ANM registre o licenciamento ambiental ap\u00f3s a respectiva licen\u00e7a ter sido apresentada pelo minerador. Caso isso n\u00e3o seja cumprido, o registro fica dado por efetivado.<\/p>\n<p>Tais mudan\u00e7as buscam adequar o decreto \u00e0 Lei da Liberdade Econ\u00f4mica e \u201ctrazer melhorias ao setor mineral, tornando-o mais \u00e1gil com a otimiza\u00e7\u00e3o de procedimentos, mais atrativo ao investidor e mais seguro juridicamente, pautando-se pelos padr\u00f5es do desenvolvimento sustent\u00e1vel\u201d, disse a Secretaria-Geral da Presid\u00eancia da Rep\u00fablica, em nota.<\/p>\n<p>Fonte: Ag\u00eancia Brasil<\/p>\n","protected":false},"excerpt":{"rendered":"<p>O presidente Jair Bolsonaro editou hoje (14) decreto que altera norma anterior, de 2018, sobre as regulamenta\u00e7\u00f5es do C\u00f3digo de Minera\u00e7\u00e3o. O\u00a0texto\u00a0inclui nas regras do setor novas obriga\u00e7\u00f5es para os titulares de direitos miner\u00e1rios, com destaque para mudan\u00e7as na responsabiliza\u00e7\u00e3o ambiental do minerador e no fechamento da mina. As altera\u00e7\u00f5es s\u00e3o decorrentes da Pol\u00edtica Nacional [&hellip;]<\/p>\n","protected":false},"author":246,"featured_media":194965,"comment_status":"closed","ping_status":"closed","sticky":false,"template":"","format":"standard","meta":{"footnotes":""},"categories":[436,440,261,439],"tags":[],"class_list":["post-194964","post","type-post","status-publish","format-standard","has-post-thumbnail","hentry","category-destaque-da-semana","category-destaques-do-dia","category-economia","category-ultima-hora"],"_links":{"self":[{"href":"https:\/\/diarioregionaldigital.com.br\/index.php?rest_route=\/wp\/v2\/posts\/194964","targetHints":{"allow":["GET"]}}],"collection":[{"href":"https:\/\/diarioregionaldigital.com.br\/index.php?rest_route=\/wp\/v2\/posts"}],"about":[{"href":"https:\/\/diarioregionaldigital.com.br\/index.php?rest_route=\/wp\/v2\/types\/post"}],"author":[{"embeddable":true,"href":"https:\/\/diarioregionaldigital.com.br\/index.php?rest_route=\/wp\/v2\/users\/246"}],"replies":[{"embeddable":true,"href":"https:\/\/diarioregionaldigital.com.br\/index.php?rest_route=%2Fwp%2Fv2%2Fcomments&post=194964"}],"version-history":[{"count":1,"href":"https:\/\/diarioregionaldigital.com.br\/index.php?rest_route=\/wp\/v2\/posts\/194964\/revisions"}],"predecessor-version":[{"id":194966,"href":"https:\/\/diarioregionaldigital.com.br\/index.php?rest_route=\/wp\/v2\/posts\/194964\/revisions\/194966"}],"wp:featuredmedia":[{"embeddable":true,"href":"https:\/\/diarioregionaldigital.com.br\/index.php?rest_route=\/wp\/v2\/media\/194965"}],"wp:attachment":[{"href":"https:\/\/diarioregionaldigital.com.br\/index.php?rest_route=%2Fwp%2Fv2%2Fmedia&parent=194964"}],"wp:term":[{"taxonomy":"category","embeddable":true,"href":"https:\/\/diarioregionaldigital.com.br\/index.php?rest_route=%2Fwp%2Fv2%2Fcategories&post=194964"},{"taxonomy":"post_tag","embeddable":true,"href":"https:\/\/diarioregionaldigital.com.br\/index.php?rest_route=%2Fwp%2Fv2%2Ftags&post=194964"}],"curies":[{"name":"wp","href":"https:\/\/api.w.org\/{rel}","templated":true}]}}